{"id":9551,"date":"2020-02-06T16:24:42","date_gmt":"2020-02-06T16:24:42","guid":{"rendered":"https:\/\/www.radiopresidenteibanez.cl\/web\/?p=9551"},"modified":"2020-02-06T16:33:07","modified_gmt":"2020-02-06T16:33:07","slug":"ministra-de-culturas-las-artes-y-el-patrimonio-explico-detalles-de-su-visita-a-la-region-de-magallanes-en-nuestra-emisora","status":"publish","type":"post","link":"https:\/\/www.radiopresidenteibanez.cl\/web\/ministra-de-culturas-las-artes-y-el-patrimonio-explico-detalles-de-su-visita-a-la-region-de-magallanes-en-nuestra-emisora\/","title":{"rendered":"MINISTRA DE CULTURAS, LAS ARTES Y EL PATRIMONIO EXPLIC\u00d3 DETALLES DE SU VISITA A LA REGI\u00d3N DE MAGALLANES EN NUESTRA EMISORA"},"content":{"rendered":"\n<p>La ministra de las Culturas, las Artes y el Patrimonio,\nConsuelo Vald\u00e9s Chadwick, visit\u00f3 nuestra emisora para conversar junto a la\nseremi de la cartera antes mencionada, Katherine Ibacache, en la ocasi\u00f3n\nentregaron detalles de su visita a la ciudad de Puerto Williams y Punta Arenas,\nen la \u00faltima ciudad del mundo fueron a entregar art\u00edculos que correspond\u00edan a\netnias que habitaron la zona, mientras que en la ciudad capital hizo el\nlanzamiento del libro que conmemora a la poetisa nacional Gabriela Mistral.<\/p>\n\n\n\n<p>La entrevista completa del programa \u201cTiempo Libre en Verano\u201d conducido por Cristofer Hern\u00e1ndez, la puede encontrar en el siguiente link: &nbsp; <a href=\"https:\/\/www.facebook.com\/287588041574\/videos\/262379688065593\/\">https:\/\/www.facebook.com\/287588041574\/videos\/262379688065593\/<\/a> <\/p>\n","protected":false},"excerpt":{"rendered":"<p>La ministra de las Culturas, las Artes y el Patrimonio, Consuelo Vald\u00e9s Chadwick, visit\u00f3 nuestra emisora para conversar junto a la seremi de la cartera antes mencionada, Katherine Ibacache, en&#8230; <a class=\"read-more\" href=\"https:\/\/www.radiopresidenteibanez.cl\/web\/ministra-de-culturas-las-artes-y-el-patrimonio-explico-detalles-de-su-visita-a-la-region-de-magallanes-en-nuestra-emisora\/\">Leer m\u00e1s<\/a><\/p>\n","protected":false},"author":2,"featured_media":9553,"comment_status":"closed","ping_status":"closed","sticky":false,"template":"","format":"standard","meta":{"footnotes":""},"categories":[36],"tags":[],"class_list":["post-9551","post","type-post","status-publish","format-standard","has-post-thumbnail","hentry","category-videos"],"_links":{"self":[{"href":"https:\/\/www.radiopresidenteibanez.cl\/web\/wp-json\/wp\/v2\/posts\/9551","targetHints":{"allow":["GET"]}}],"collection":[{"href":"https:\/\/www.radiopresidenteibanez.cl\/web\/wp-json\/wp\/v2\/posts"}],"about":[{"href":"https:\/\/www.radiopresidenteibanez.cl\/web\/wp-json\/wp\/v2\/types\/post"}],"author":[{"embeddable":true,"href":"https:\/\/www.radiopresidenteibanez.cl\/web\/wp-json\/wp\/v2\/users\/2"}],"replies":[{"embeddable":true,"href":"https:\/\/www.radiopresidenteibanez.cl\/web\/wp-json\/wp\/v2\/comments?post=9551"}],"version-history":[{"count":0,"href":"https:\/\/www.radiopresidenteibanez.cl\/web\/wp-json\/wp\/v2\/posts\/9551\/revisions"}],"wp:featuredmedia":[{"embeddable":true,"href":"https:\/\/www.radiopresidenteibanez.cl\/web\/wp-json\/wp\/v2\/media\/9553"}],"wp:attachment":[{"href":"https:\/\/www.radiopresidenteibanez.cl\/web\/wp-json\/wp\/v2\/media?parent=9551"}],"wp:term":[{"taxonomy":"category","embeddable":true,"href":"https:\/\/www.radiopresidenteibanez.cl\/web\/wp-json\/wp\/v2\/categories?post=9551"},{"taxonomy":"post_tag","embeddable":true,"href":"https:\/\/www.radiopresidenteibanez.cl\/web\/wp-json\/wp\/v2\/tags?post=9551"}],"curies":[{"name":"wp","href":"https:\/\/api.w.org\/{rel}","templated":true}]}}