{"id":9548,"date":"2020-02-06T13:31:31","date_gmt":"2020-02-06T13:31:31","guid":{"rendered":"https:\/\/www.radiopresidenteibanez.cl\/web\/?p=9548"},"modified":"2020-02-06T13:31:35","modified_gmt":"2020-02-06T13:31:35","slug":"se-extendio-plazo-para-campamento-explora-profesionales-de-la-educacion-tendran-una-semana-de-actividades-en-torno-a-la-ciencia","status":"publish","type":"post","link":"https:\/\/www.radiopresidenteibanez.cl\/web\/se-extendio-plazo-para-campamento-explora-profesionales-de-la-educacion-tendran-una-semana-de-actividades-en-torno-a-la-ciencia\/","title":{"rendered":"SE EXTENDI\u00d3 PLAZO PARA CAMPAMENTO EXPLORA: PROFESIONALES DE LA EDUCACI\u00d3N TENDR\u00c1N UNA SEMANA DE ACTIVIDADES EN TORNO A LA CIENCIA"},"content":{"rendered":"\n<p>Por primera vez\nen Magallanes se realizar\u00e1 el Campamento docente Explora VA! dirigido a\nprofesionales de la educaci\u00f3n de todas las \u00e1reas. La actividad se realizar\u00e1 del\n10 al 14 de marzo en la ciudad de Porvenir, Tierra del Fuego. <\/p>\n\n\n\n<p>Esta\niniciativa perteneciente al Programa Explora del Ministerio de la Ciencia, la\nTecnolog\u00eda, el Conocimiento y la Innovaci\u00f3n, busca&nbsp; enriquecer las pr\u00e1cticas pedag\u00f3gicas de los y\nlas profesionales de la educaci\u00f3n a trav\u00e9s de metodolog\u00edas innovadoras y donde\npuedan repensar los m\u00e9todos de ense\u00f1anza y enfocarlos en el desarrollo de las\ncompetencias requeridas en el siglo XXI <\/p>\n\n\n\n<p>\u201cSer\u00e1 la\nprimera vez que tendremos a 40 profesionales de la educaci\u00f3n en modalidad\ninternado compartiendo y aprendiendo nuevas herramientas de educaci\u00f3n. Para\nnosotros los docentes son el motor que impulsa a los escolares a acercarse a\nlas ciencias, y con esta actividad podr\u00e1n llevar lo aprendido a sus\nestablecimientos\u201d, explic\u00f3 Hermann Reiher, coordinador ejecutivo del PAR\nExplora Magallanes. <\/p>\n\n\n\n<p>Los\ninteresados en participar deben inscribirse hasta el 10 de febrero a trav\u00e9s del\nsitio web <a href=\"http:\/\/www.explora.cl\/magallanes\">www.explora.cl\/magallanes<\/a>\ndonde deber\u00e1n rellenar la ficha de inscripci\u00f3n y enviar los anexos requeridos.\nLos seleccionados para participar se dar\u00e1n a conocer el pr\u00f3ximo 14 de febrero a\ntrav\u00e9s de correo electr\u00f3nico y redes sociales. <\/p>\n\n\n\n<p>\u201cLa idea es\nque los participantes puedan trasladarse a Porvenir debido a que estamos\nbuscando&nbsp; descentralizar las actividades\ndesde la capital regional, Punta Arenas. Tambi\u00e9n recordarles que una vez que\nustedes sean seleccionados se les enviar\u00e1 a los directores de los\nestablecimientos una carta informandoles de su seleccion, y as\u00ed no tengan\nproblemas\u201d, coment\u00f3 Marin\u00e9 Yubero, encargada docente del PAR Explora Magallanes.<\/p>\n\n\n\n<p>La actividad\ncontar\u00e1 con talleres de uso de tecnolog\u00eda en el aula, manejo de emociones,\nglaciolog\u00eda, entre otros, y tendr\u00e1 adem\u00e1s salidas a terreno para que las y los\nparticipantes conozcan m\u00e1s acerca de la cultura fueguina. <br><\/p>\n","protected":false},"excerpt":{"rendered":"<p>Por primera vez en Magallanes se realizar\u00e1 el Campamento docente Explora VA! dirigido a profesionales de la educaci\u00f3n de todas las \u00e1reas. La actividad se realizar\u00e1 del 10 al 14&#8230; <a class=\"read-more\" href=\"https:\/\/www.radiopresidenteibanez.cl\/web\/se-extendio-plazo-para-campamento-explora-profesionales-de-la-educacion-tendran-una-semana-de-actividades-en-torno-a-la-ciencia\/\">Leer m\u00e1s<\/a><\/p>\n","protected":false},"author":2,"featured_media":9549,"comment_status":"closed","ping_status":"closed","sticky":false,"template":"","format":"standard","meta":{"footnotes":""},"categories":[1],"tags":[],"class_list":["post-9548","post","type-post","status-publish","format-standard","has-post-thumbnail","hentry","category-cronica"],"_links":{"self":[{"href":"https:\/\/www.radiopresidenteibanez.cl\/web\/wp-json\/wp\/v2\/posts\/9548","targetHints":{"allow":["GET"]}}],"collection":[{"href":"https:\/\/www.radiopresidenteibanez.cl\/web\/wp-json\/wp\/v2\/posts"}],"about":[{"href":"https:\/\/www.radiopresidenteibanez.cl\/web\/wp-json\/wp\/v2\/types\/post"}],"author":[{"embeddable":true,"href":"https:\/\/www.radiopresidenteibanez.cl\/web\/wp-json\/wp\/v2\/users\/2"}],"replies":[{"embeddable":true,"href":"https:\/\/www.radiopresidenteibanez.cl\/web\/wp-json\/wp\/v2\/comments?post=9548"}],"version-history":[{"count":0,"href":"https:\/\/www.radiopresidenteibanez.cl\/web\/wp-json\/wp\/v2\/posts\/9548\/revisions"}],"wp:featuredmedia":[{"embeddable":true,"href":"https:\/\/www.radiopresidenteibanez.cl\/web\/wp-json\/wp\/v2\/media\/9549"}],"wp:attachment":[{"href":"https:\/\/www.radiopresidenteibanez.cl\/web\/wp-json\/wp\/v2\/media?parent=9548"}],"wp:term":[{"taxonomy":"category","embeddable":true,"href":"https:\/\/www.radiopresidenteibanez.cl\/web\/wp-json\/wp\/v2\/categories?post=9548"},{"taxonomy":"post_tag","embeddable":true,"href":"https:\/\/www.radiopresidenteibanez.cl\/web\/wp-json\/wp\/v2\/tags?post=9548"}],"curies":[{"name":"wp","href":"https:\/\/api.w.org\/{rel}","templated":true}]}}