{"id":9545,"date":"2020-02-06T13:18:47","date_gmt":"2020-02-06T13:18:47","guid":{"rendered":"https:\/\/www.radiopresidenteibanez.cl\/web\/?p=9545"},"modified":"2020-02-06T13:18:51","modified_gmt":"2020-02-06T13:18:51","slug":"exponen-catalogo-de-buenas-practicas-para-la-conciliacion-del-trabajo-y-la-familia","status":"publish","type":"post","link":"https:\/\/www.radiopresidenteibanez.cl\/web\/exponen-catalogo-de-buenas-practicas-para-la-conciliacion-del-trabajo-y-la-familia\/","title":{"rendered":"EXPONEN CAT\u00c1LOGO DE BUENAS PR\u00c1CTICAS PARA LA CONCILIACI\u00d3N DEL TRABAJO Y LA FAMILIA"},"content":{"rendered":"\n<p>La Seremi de Desarrollo Social y Familia, Liz Casanueva junto a la Coordinadora Regional de Ni\u00f1ez, Andrea \u00c1lvarez, presentaron esta ma\u00f1ana un cat\u00e1logo y videos de buenas pr\u00e1cticas para la conciliaci\u00f3n de trabajo familia a diversas empresas regionales como Gasco, Coca-Cola, Ferreter\u00edas \u00c1guila, Aguas Magallanes, Methanex, Supermercados L\u00edder entre otras, con el fin de exponer algunas pr\u00e1cticas de otras empresas nacionales las cuales sirven de ejemplo o idea para que ellos tambi\u00e9n puedan implementar si lo desean.<\/p>\n\n\n\n<p>El cat\u00e1logo de buenas pr\u00e1cticas empresariales&nbsp;\u201cCuando copiar es Bueno\u201d, es un documento, donde cerca de 20 empresas de diferentes rubros y tama\u00f1os, comparten sus buenas pr\u00e1cticas corporativas en tem\u00e1ticas de conciliaci\u00f3n trabajo y familia. Todas ellas son en la actualidad beneficios que entregan empresas hacia sus colaboradores y que est\u00e1n por sobre el marco legal.<\/p>\n\n\n\n<p>En este hay una variedad de experiencias positivas que denotan la preocupaci\u00f3n y compromiso de muchas empresas con sus colaboradores(as) y su bienestar.<\/p>\n\n\n\n<p>En el marco de la actividad, la Seremi de Desarrollo Social y Familia, Liz Casanueva M\u00e9ndez se\u00f1al\u00f3 que \u201ceste es un compilado que ya es la 6ta versi\u00f3n en donde la idea es que a trav\u00e9s de un consejo que a nivel nacional est\u00e1n trabajando varias empresas por buenas pr\u00e1cticas, donde la idea es poder conciliar lo laboral con lo familiar\u201d \u201cinvitamos al resto de las empresas a informarse a trav\u00e9s de p\u00e1gina de la subsecretar\u00eda de la ni\u00f1ez en donde podr\u00e1n encontrar mayor informaci\u00f3n\u201d.<\/p>\n\n\n\n<p>As\u00ed mismo, Fernando Macaya Melo, SubGerente de Gesti\u00f3n de Personas de Gasco S.A dijo: \u201cnosotros tenemos pasajes gratis hacia el norte en avi\u00f3n, para personas que tienen familiares directos y que tienen la necesidad de viajar, tenemos un beneficio que buscar juntar a la familia a la empresa, que son dos actividades que hacemos durante el a\u00f1o, donde los ni\u00f1os y la familia disfrutan de&nbsp; una actividad outdoor en marzo, donde conocen la Regi\u00f3n y su entorno y en julio hacemos una sala de cine, adem\u00e1s tenemos el permiso con goce de sueldo para actividades puntuales con los hijos en la etapa escolar. As\u00ed mismo la gente puede optar a flexibilidad laboral, tele trabajo, dependiendo de la condici\u00f3n si tiene alg\u00fan familiar que requiera cuidados especiales.\u201d<\/p>\n\n\n\n<p>La iniciativa del cat\u00e1logo de buenas pr\u00e1cticas corporativas&nbsp;\u201cCuando Copiar es bueno\u201d&nbsp;est\u00e1 disponible en:&nbsp;<a href=\"http:\/\/www.uppi.cl\/documentos\" target=\"_blank\" rel=\"noreferrer noopener\">www.uppi.cl\/documentos<\/a>&nbsp;<\/p>\n","protected":false},"excerpt":{"rendered":"<p>La Seremi de Desarrollo Social y Familia, Liz Casanueva junto a la Coordinadora Regional de Ni\u00f1ez, Andrea \u00c1lvarez, presentaron esta ma\u00f1ana un cat\u00e1logo y videos de buenas pr\u00e1cticas para la&#8230; <a class=\"read-more\" href=\"https:\/\/www.radiopresidenteibanez.cl\/web\/exponen-catalogo-de-buenas-practicas-para-la-conciliacion-del-trabajo-y-la-familia\/\">Leer m\u00e1s<\/a><\/p>\n","protected":false},"author":2,"featured_media":9546,"comment_status":"closed","ping_status":"closed","sticky":false,"template":"","format":"standard","meta":{"footnotes":""},"categories":[1],"tags":[],"class_list":["post-9545","post","type-post","status-publish","format-standard","has-post-thumbnail","hentry","category-cronica"],"_links":{"self":[{"href":"https:\/\/www.radiopresidenteibanez.cl\/web\/wp-json\/wp\/v2\/posts\/9545","targetHints":{"allow":["GET"]}}],"collection":[{"href":"https:\/\/www.radiopresidenteibanez.cl\/web\/wp-json\/wp\/v2\/posts"}],"about":[{"href":"https:\/\/www.radiopresidenteibanez.cl\/web\/wp-json\/wp\/v2\/types\/post"}],"author":[{"embeddable":true,"href":"https:\/\/www.radiopresidenteibanez.cl\/web\/wp-json\/wp\/v2\/users\/2"}],"replies":[{"embeddable":true,"href":"https:\/\/www.radiopresidenteibanez.cl\/web\/wp-json\/wp\/v2\/comments?post=9545"}],"version-history":[{"count":0,"href":"https:\/\/www.radiopresidenteibanez.cl\/web\/wp-json\/wp\/v2\/posts\/9545\/revisions"}],"wp:featuredmedia":[{"embeddable":true,"href":"https:\/\/www.radiopresidenteibanez.cl\/web\/wp-json\/wp\/v2\/media\/9546"}],"wp:attachment":[{"href":"https:\/\/www.radiopresidenteibanez.cl\/web\/wp-json\/wp\/v2\/media?parent=9545"}],"wp:term":[{"taxonomy":"category","embeddable":true,"href":"https:\/\/www.radiopresidenteibanez.cl\/web\/wp-json\/wp\/v2\/categories?post=9545"},{"taxonomy":"post_tag","embeddable":true,"href":"https:\/\/www.radiopresidenteibanez.cl\/web\/wp-json\/wp\/v2\/tags?post=9545"}],"curies":[{"name":"wp","href":"https:\/\/api.w.org\/{rel}","templated":true}]}}