{"id":9541,"date":"2020-02-05T18:52:15","date_gmt":"2020-02-05T18:52:15","guid":{"rendered":"https:\/\/www.radiopresidenteibanez.cl\/web\/?p=9541"},"modified":"2020-02-05T18:52:18","modified_gmt":"2020-02-05T18:52:18","slug":"autoridades-natalinas-informan-del-cierre-temporal-de-la-calle-manuel-bulnes","status":"publish","type":"post","link":"https:\/\/www.radiopresidenteibanez.cl\/web\/autoridades-natalinas-informan-del-cierre-temporal-de-la-calle-manuel-bulnes\/","title":{"rendered":"AUTORIDADES NATALINAS INFORMAN DEL CIERRE TEMPORAL DE LA CALLE MANUEL BULNES"},"content":{"rendered":"\n<p>Producto del programa de\nreposici\u00f3n de pavimentos que se est\u00e1 desarrollando en diversos puntos de\nNatales, el alcalde de la comuna, junto al gobernador y parte del Concejo\nMunicipal, visitaron la calle Manuel Bulnes para informar a la comunidad del\ncierre total de la c\u00e9ntrica calle.<\/p>\n\n\n\n<p>Las remodelaciones permitir\u00e1n\nmejorar varios puntos de la ciudad, en especial este concurrido sector, el cual\nes usado diariamente por &nbsp;vecinos y\nturistas. Respecto a Manuel Bulnes ser\u00e1n intervenidos 792m2, comenzando con la ejecuci\u00f3n\nde la demolici\u00f3n de pavimentos en mal estado, movimientos de tierra,\ncompactados de material, instalaci\u00f3n de moldaje, reposici\u00f3n el pavimento en mal\nestado e instalaci\u00f3n de sello asf\u00e1ltico. <\/p>\n\n\n\n<p>Para el alcalde de la comuna, la\nautorizaci\u00f3n del cierre total de este tramo busca acortar los tiempos de\nintervenci\u00f3n y as\u00ed generar menor impacto en la cotidianeidad de los vecinos.\n\u201cEsta decisi\u00f3n se fundamenta principalmente porque si no hacemos el cierre\ntotal de esta calle, vamos a estar con trabajos hasta el mes de abril, y lo que\nno queremos es precisamente eso.&nbsp; En una\ncalle tan importante, que es la calle m\u00e1s importante de la ciudad de Puerto\nNatales queremos disminuir los tiempos de trabajo al m\u00e1ximo, y eso de disminuir\nlos tiempos al m\u00e1ximo sustenta esta decisi\u00f3n de poder autorizar el cierre de la\ncalle Bulnes en este tramo\u201d.<\/p>\n\n\n\n<p>En la misma l\u00ednea, el edil destac\u00f3\nque son obras en desarrollo y solicit\u00f3 la comprensi\u00f3n de los vecinos. \u201cMe\ngustar\u00eda pedir la comprensi\u00f3n de la comunidad, principalmente de los\nconductores. Entendemos que este cierre total de la calle Bulnes entre Blanco\nEncalada y Prat va a generar algunas complicaciones, pero hay alternativas\u201d,\nsostuvo Fernando Paredes.<\/p>\n\n\n\n<p>Por su parte, Ra\u00fal Suazo, gobernador\nde la provincia de \u00daltima Esperanza, se\u00f1al\u00f3 que son obras que se deben realizar\ny que el progreso trae costos y beneficios. \u201cSiempre uno se pregunta cu\u00e1ndo es\nbueno, porque la gente tiene incomodidad y dudas al respecto. Creemos que esta\nes la posibilidad de aprovechar las condiciones clim\u00e1ticas que nos otorga la\ntemporada estival. Luego ya sabemos que viene el invierno, el inicio de clases\ncon todo, y tambi\u00e9n tenemos un a\u00f1o complejo con muchos eventos\u201d.<\/p>\n\n\n\n<p>Adem\u00e1s de los trabajos en Calle\nBulnes, la empresa a cargo de ejecutar el proyecto realiz\u00f3 y est\u00e1 realizando\ntrabajos en Calle O\u2019Higgins, Eleuterio Ram\u00edrez, Esmeralda, Balmaceda, Blanco\nEncalada, Baquedano, Arturo Prat, Miraflores, Rub\u00e9n Dar\u00edo y Eusebio Lillo.<\/p>\n\n\n\n<p>La reposici\u00f3n de pavimentos\nrealizadas tendr\u00e1 una inversi\u00f3n superior a los mil millones de pesos,\ninterviniendo 14.312 metros cuadrados en total, con el aporte del Fondo\nNacional de Desarrollo Regional del Gobierno Regional.<\/p>\n","protected":false},"excerpt":{"rendered":"<p>Producto del programa de reposici\u00f3n de pavimentos que se est\u00e1 desarrollando en diversos puntos de Natales, el alcalde de la comuna, junto al gobernador y parte del Concejo Municipal, visitaron&#8230; <a class=\"read-more\" href=\"https:\/\/www.radiopresidenteibanez.cl\/web\/autoridades-natalinas-informan-del-cierre-temporal-de-la-calle-manuel-bulnes\/\">Leer m\u00e1s<\/a><\/p>\n","protected":false},"author":2,"featured_media":9542,"comment_status":"closed","ping_status":"closed","sticky":false,"template":"","format":"standard","meta":{"footnotes":""},"categories":[1],"tags":[],"class_list":["post-9541","post","type-post","status-publish","format-standard","has-post-thumbnail","hentry","category-cronica"],"_links":{"self":[{"href":"https:\/\/www.radiopresidenteibanez.cl\/web\/wp-json\/wp\/v2\/posts\/9541","targetHints":{"allow":["GET"]}}],"collection":[{"href":"https:\/\/www.radiopresidenteibanez.cl\/web\/wp-json\/wp\/v2\/posts"}],"about":[{"href":"https:\/\/www.radiopresidenteibanez.cl\/web\/wp-json\/wp\/v2\/types\/post"}],"author":[{"embeddable":true,"href":"https:\/\/www.radiopresidenteibanez.cl\/web\/wp-json\/wp\/v2\/users\/2"}],"replies":[{"embeddable":true,"href":"https:\/\/www.radiopresidenteibanez.cl\/web\/wp-json\/wp\/v2\/comments?post=9541"}],"version-history":[{"count":0,"href":"https:\/\/www.radiopresidenteibanez.cl\/web\/wp-json\/wp\/v2\/posts\/9541\/revisions"}],"wp:featuredmedia":[{"embeddable":true,"href":"https:\/\/www.radiopresidenteibanez.cl\/web\/wp-json\/wp\/v2\/media\/9542"}],"wp:attachment":[{"href":"https:\/\/www.radiopresidenteibanez.cl\/web\/wp-json\/wp\/v2\/media?parent=9541"}],"wp:term":[{"taxonomy":"category","embeddable":true,"href":"https:\/\/www.radiopresidenteibanez.cl\/web\/wp-json\/wp\/v2\/categories?post=9541"},{"taxonomy":"post_tag","embeddable":true,"href":"https:\/\/www.radiopresidenteibanez.cl\/web\/wp-json\/wp\/v2\/tags?post=9541"}],"curies":[{"name":"wp","href":"https:\/\/api.w.org\/{rel}","templated":true}]}}