{"id":9505,"date":"2020-02-03T14:14:55","date_gmt":"2020-02-03T14:14:55","guid":{"rendered":"https:\/\/www.radiopresidenteibanez.cl\/web\/?p=9505"},"modified":"2020-02-03T14:14:59","modified_gmt":"2020-02-03T14:14:59","slug":"encuentro-regional-recoge-opiniones-de-apoderados-sobre-admision-escolar","status":"publish","type":"post","link":"https:\/\/www.radiopresidenteibanez.cl\/web\/encuentro-regional-recoge-opiniones-de-apoderados-sobre-admision-escolar\/","title":{"rendered":"ENCUENTRO REGIONAL RECOGE OPINIONES DE APODERADOS SOBRE ADMISI\u00d3N ESCOLAR"},"content":{"rendered":"\n<p>\u201cPara que los\ncambios que afectan a las personas sean positivos, deben hacerse escuchando a\nlos afectados, especialmente cuando son temas de suma importancia como la\neducaci\u00f3n de nuestros hijos\u00bb. Con esas palabras el Seremi de Educaci\u00f3n,\nRodrigo Sep\u00falveda, dio inicio al Encuentro regional de Magallanes.<\/p>\n\n\n\n<p>La instancia tuvo\ncomo objetivo intercambiar\nopiniones y propuestas sobre la Admisi\u00f3n Escolar, recogidas en los Cabildos de\nApoderados impulsados por el Ministerio de Educaci\u00f3n el a\u00f1o pasado a lo largo\nde todo el pa\u00eds.<\/p>\n\n\n\n<p>La cartera gener\u00f3\nesos encuentros como un espacio de di\u00e1logo, reflexi\u00f3n y participaci\u00f3n donde se\nrecogieron opiniones y propuestas sobre admisi\u00f3n escolar. Despu\u00e9s de un\ninteresante proceso, con una alta participaci\u00f3n, se dio paso a este encuentro\nregional para compartir y aunar la informaci\u00f3n recibida en esas instancias. <\/p>\n\n\n\n<p>La convocatoria, que\nreuni\u00f3 a Secretarios de los Cabildos Locales Autoconvocados y a apoderados, es\nla \u00faltima etapa del proceso la que dar\u00e1 paso a la elaboraci\u00f3n de un informe final con las principales sugerencia de\npadres y apoderados en marzo.<\/p>\n\n\n\n<p>Junto con\nagradecer la participaci\u00f3n de los asistentes, la autoridad regional valor\u00f3 que\n\u201clos cabildos de apoderados ya permitieron recoger la opini\u00f3n de los padres y\napoderados, los escuchamos y esperamos tener las instancias que correspondan\npara promover los cambios que se requieran\u201d.<\/p>\n","protected":false},"excerpt":{"rendered":"<p>\u201cPara que los cambios que afectan a las personas sean positivos, deben hacerse escuchando a los afectados, especialmente cuando son temas de suma importancia como la educaci\u00f3n de nuestros hijos\u00bb&#8230;. <a class=\"read-more\" href=\"https:\/\/www.radiopresidenteibanez.cl\/web\/encuentro-regional-recoge-opiniones-de-apoderados-sobre-admision-escolar\/\">Leer m\u00e1s<\/a><\/p>\n","protected":false},"author":2,"featured_media":9506,"comment_status":"closed","ping_status":"closed","sticky":false,"template":"","format":"standard","meta":{"footnotes":""},"categories":[1],"tags":[],"class_list":["post-9505","post","type-post","status-publish","format-standard","has-post-thumbnail","hentry","category-cronica"],"_links":{"self":[{"href":"https:\/\/www.radiopresidenteibanez.cl\/web\/wp-json\/wp\/v2\/posts\/9505","targetHints":{"allow":["GET"]}}],"collection":[{"href":"https:\/\/www.radiopresidenteibanez.cl\/web\/wp-json\/wp\/v2\/posts"}],"about":[{"href":"https:\/\/www.radiopresidenteibanez.cl\/web\/wp-json\/wp\/v2\/types\/post"}],"author":[{"embeddable":true,"href":"https:\/\/www.radiopresidenteibanez.cl\/web\/wp-json\/wp\/v2\/users\/2"}],"replies":[{"embeddable":true,"href":"https:\/\/www.radiopresidenteibanez.cl\/web\/wp-json\/wp\/v2\/comments?post=9505"}],"version-history":[{"count":0,"href":"https:\/\/www.radiopresidenteibanez.cl\/web\/wp-json\/wp\/v2\/posts\/9505\/revisions"}],"wp:featuredmedia":[{"embeddable":true,"href":"https:\/\/www.radiopresidenteibanez.cl\/web\/wp-json\/wp\/v2\/media\/9506"}],"wp:attachment":[{"href":"https:\/\/www.radiopresidenteibanez.cl\/web\/wp-json\/wp\/v2\/media?parent=9505"}],"wp:term":[{"taxonomy":"category","embeddable":true,"href":"https:\/\/www.radiopresidenteibanez.cl\/web\/wp-json\/wp\/v2\/categories?post=9505"},{"taxonomy":"post_tag","embeddable":true,"href":"https:\/\/www.radiopresidenteibanez.cl\/web\/wp-json\/wp\/v2\/tags?post=9505"}],"curies":[{"name":"wp","href":"https:\/\/api.w.org\/{rel}","templated":true}]}}