{"id":9502,"date":"2020-02-03T13:52:01","date_gmt":"2020-02-03T13:52:01","guid":{"rendered":"https:\/\/www.radiopresidenteibanez.cl\/web\/?p=9502"},"modified":"2020-02-03T13:52:05","modified_gmt":"2020-02-03T13:52:05","slug":"cine-de-cerro-sombrero-recibira-aportes-del-fondo-del-patrimonio-cultural-para-trabajos-de-recuperacion","status":"publish","type":"post","link":"https:\/\/www.radiopresidenteibanez.cl\/web\/cine-de-cerro-sombrero-recibira-aportes-del-fondo-del-patrimonio-cultural-para-trabajos-de-recuperacion\/","title":{"rendered":"CINE DE CERRO SOMBRERO RECIBIR\u00c1 APORTES  DEL FONDO DEL PATRIMONIO CULTURAL PARA TRABAJOS DE RECUPERACI\u00d3N"},"content":{"rendered":"\n<p>La\nrecuperaci\u00f3n de la fachada y cubiertas del Cine de Cerro Sombrero, en la comuna\nde Primavera, figura en el listado de proyectos beneficiados con el Fondo del\nPatrimonio Cultural del Ministerio de las Culturas, las Artes y el Patrimonio\nque, en esta versi\u00f3n, la primera desde la nueva institucionalidad, financiar\u00e1\n41 propuestas que promueven y salvaguardan el patrimonio cultural en Chile en\nsu dimensi\u00f3n material e inmaterial, con una inversi\u00f3n de $2.089.576.000 para la\nejecuci\u00f3n total o parcial de proyectos (obras o dise\u00f1o). <\/p>\n\n\n\n<p>El\nhist\u00f3rico inmueble de Tierra del Fuego, cuyas intervenciones se enmarcan en un\nplan integral mayor de recuperaci\u00f3n de los edificios c\u00edvicos del lugar,\nrecibir\u00e1 un aporte de sesenta y nueve millones trescientos noventa y cinco mil\ndoscientos pesos ($ 69.395.200). La postulaci\u00f3n fue presentada por la Fundaci\u00f3n\nProCultura.&nbsp; <\/p>\n\n\n\n<p>Este\nfondo concursable administrado por el Servicio Nacional del Patrimonio Cultural\nrecibi\u00f3 83 proyectos admisibles en sus dos categor\u00edas. En el \u00e1mbito regional se\nfinanciar\u00e1n 30 iniciativas, mientras que a nivel nacional ser\u00e1n 11. Estas\nl\u00edneas fueron acordadas por el Consejo Nacional de las Culturas, las Artes y el\nPatrimonio.<\/p>\n\n\n\n<p>\u201cEste\nFondo es un instrumento para apoyar la recuperaci\u00f3n, mantenci\u00f3n y puesta en\nvalor de inmuebles de valor patrimonial o que contribuyan a la salvaguardia de manifestaciones\nde patrimonio cultural inmaterial. Son recursos que ir\u00e1n en beneficio de\nproyectos y comunidades muy diversas y de todas las zonas del pa\u00eds en comunas\ncomo Cha\u00f1aral, Putaendo, Huara, Puerto Octay, R\u00edo Ib\u00e1\u00f1ez y Primavera, en Tierra\ndel Fuego. Este a\u00f1o se puso un foco en sitios de patrimonio mundial, pero\ntambi\u00e9n se abri\u00f3 una l\u00ednea a todas las regiones del pa\u00eds. Es una alegr\u00eda poder\ncolaborar con estos proyectos en un Fondo que esperamos siga creciendo en sus\npr\u00f3ximas versiones\u201d, destac\u00f3 la Ministra Consuelo Vald\u00e9s.<\/p>\n\n\n\n<p>En\nla Categor\u00eda Nacional- destinada a inmuebles dentro de Sitios de Patrimonio\nMundial o asociados al elemento reconocido como Patrimonio Inmaterial de la\nHumanidad en Chile- se beneficiar\u00e1n proyectos de dise\u00f1o u obra a los Sitios de\nPatrimonio Mundial Ciudad Minera de Sewell, Barrio Hist\u00f3rico de la Ciudad\nPortuaria de Valpara\u00edso e Iglesias de Chilo\u00e9. <\/p>\n\n\n\n<p>En\neste mismo \u00e1mbito, result\u00f3 ganador el proyecto para la construcci\u00f3n de la sede\nsocial de la agrupaci\u00f3n de Baile Chino Pescador N\u00b0 10 en Andacollo. El Baile\nChino es un tipo de hermandad de m\u00fasicos danzantes que expresa su devoci\u00f3n a\ntrav\u00e9s de promesas que se cumplen mediante la participaci\u00f3n en un cuerpo de\nbaile que hace m\u00fasica y danza ritual, en el contexto de ceremoniales llamados\n\u201cFiestas de Chinos\u201d y es la \u00fanica manifestaci\u00f3n de Patrimonio Cultural\nInmaterial que Chile tiene inscrito en la Lista representativa de Patrimonio\nCultural Inmaterial de la Humanidad.<\/p>\n\n\n\n<p>Por\nsu parte, en la Categor\u00eda Regional -dirigida a proyectos de patrimonio cultural\nmaterial e inmaterial en inmuebles con protecci\u00f3n oficial o inherentes a un\nelemento del patrimonio cultural inmaterial reconocido por el Estado o de\nsignificancia cultural para los pueblos ind\u00edgenas-, fueron seleccionados 30\nproyectos de dise\u00f1o u obra repartidos en 14 de las 16 regiones del pa\u00eds.<\/p>\n\n\n\n<p>Proyectos seleccionados Fondo del\nPatrimonio 2019<\/p>\n\n\n\n<figure class=\"wp-block-table\"><table class=\"\"><tbody><tr><td>\n  <strong>Categor\u00eda<\/strong>\n  <\/td><td>\n  <strong>Nombre del proyecto<\/strong><strong><\/strong>\n  <\/td><td>\n  <strong>Regi\u00f3n<\/strong><strong><\/strong>\n  <\/td><td>\n  <strong>Comuna<\/strong><strong><\/strong>\n  <\/td><td>\n  <strong>Tipo<\/strong><strong><\/strong>\n  <\/td><\/tr><tr><td>\n  Nacional\n  <\/td><td>\n  Proyecto\n  de Intervenci\u00f3n Patrimonial Iglesia Santiago Ap\u00f3stol de Detif\n  <\/td><td>\n  Los\n  Lagos\n  <\/td><td>\n  Puqueld\u00f3n\n  <\/td><td>\n  Dise\u00f1o\n  <\/td><\/tr><tr><td>\n  Nacional\n  <\/td><td>\n  Proyecto\n  de Intervenci\u00f3n Patrimonial Iglesia Natividad de Mar\u00eda de Ichuac\n  <\/td><td>\n  Los\n  Lagos\n  <\/td><td>\n  Puqueld\u00f3n\n  <\/td><td>\n  Dise\u00f1o\n  <\/td><\/tr><tr><td>\n  Nacional\n  <\/td><td>\n  Restauraci\u00f3n\n  piso y culata Iglesia de San Juan\n  <\/td><td>\n  Los\n  Lagos\n  <\/td><td>\n  Dalcahue\n  <\/td><td>\n  Obras\n  <\/td><\/tr><tr><td>\n  Nacional\n  <\/td><td>\n  Puesta\n  en Valor Edificio N\u00b042, Campamento Sewell\n  <\/td><td>\n  O\u00b4Higgins\n  <\/td><td>\n  Machal\u00ed\n  <\/td><td>\n  Obras\n  <\/td><\/tr><tr><td>\n  Nacional\n  <\/td><td>\n  Museo\n  del Inmigrante de Valpara\u00edso &#8211; Ex Colegio Alem\u00e1n\n  <\/td><td>\n  Valpara\u00edso\n  <\/td><td>\n  Valpara\u00edso\n  <\/td><td>\n  Dise\u00f1o\n  <\/td><\/tr><tr><td>\n  Nacional\n  <\/td><td>\n  Ejecuci\u00f3n\n  de Obra Sede de Baile Chino Pescador N\u00b010 de Coquimbo\n  <\/td><td>\n  Coquimbo\n  <\/td><td>\n  Andacollo\n  <\/td><td>\n  Obras\n  <\/td><\/tr><tr><td>\n  Nacional\n  <\/td><td>\n  Puesta en Valor\n  Edificio N\u00b0102, Campamento Sewell\n  <\/td><td>\n  O\u00b4Higgins\n  <\/td><td>\n  Machal\u00ed\n  <\/td><td>\n  Obras\n  <\/td><\/tr><tr><td>\n  Nacional\n  <\/td><td>\n  Segunda Etapa\n  Intervenci\u00f3n de Emergencia Restauraci\u00f3n Iglesia San Francisco de Castro\n  <\/td><td>\n  Los Lagos\n  <\/td><td>\n  Castro\n  <\/td><td>\n  Obras\n  <\/td><\/tr><tr><td>\n  Nacional\n  <\/td><td>\n  Recuperaci\u00f3n y\n  Puesta en Seguridad de un Inmueble Patrimonial aplicando un&nbsp; Modelo Integrado de Conservaci\u00f3n y de\n  Puesta en Seguridad\n  <\/td><td>\n  Valpara\u00edso\n  <\/td><td>\n  Valpara\u00edso\n  <\/td><td>\n  Dise\u00f1o\n  <\/td><\/tr><tr><td>\n  Nacional\n  <\/td><td>\n  Puesta en valor\n  del Monumento P\u00fablico a Jorge \u201cNegro\u201d Far\u00edas, Valpara\u00edso\n  <\/td><td>\n  Valpara\u00edso\n  <\/td><td>\n  Valpara\u00edso\n  <\/td><td>\n  Obras\n  <\/td><\/tr><tr><td>\n  Nacional\n  <\/td><td>\n  \u201cPROYECTO\n  ATALAH, CASA PUERTO: Lugar de convergencia multicultural, comercial, de\n  interacci\u00f3n y servicios de las primeras colonias que conformaron el origen de\n  Valpara\u00edso\u201d\n  <\/td><td>\n  Valpara\u00edso\n  <\/td><td>\n  Valpara\u00edso\n  <\/td><td>\n  Dise\u00f1o\n  <\/td><\/tr><tr><td>\n  Regional\n  <\/td><td>\n  Restauraci\u00f3n\n  arquitect\u00f3nica integral Teatro Principal de Huara\n  <\/td><td>\n  Tarapac\u00e1\n  <\/td><td>\n  Huara\n  <\/td><td>\n  Dise\u00f1o\n  <\/td><\/tr><tr><td>\n  Regional\n  <\/td><td>\n  \u201cTaller\n  galer\u00eda Elena Tito, alfarera, tesoro humano vivo.\u201d\n  <\/td><td>\n  Antofagasta\n  <\/td><td>\n  San Pedro de Atacama\n  <\/td><td>\n  Dise\u00f1o\n  <\/td><\/tr><tr><td>\n  Regional\n  <\/td><td>\n  Reposici\u00f3n\n  y Mejoramiento Museo&nbsp; Parroquial Isla\n  de Maipo\n  <\/td><td>\n  Metropolitana\n  <\/td><td>\n  Isla de Maipo\n  <\/td><td>\n  Dise\u00f1o\n  <\/td><\/tr><tr><td>\n  Regional\n  <\/td><td>\n  Restauraci\u00f3n\n  del templo presbiteriano de Cha\u00f1aral\n  <\/td><td>\n  Atacama\n  <\/td><td>\n  Cha\u00f1aral\n  <\/td><td>\n  Dise\u00f1o\n  <\/td><\/tr><tr><td>\n  Regional\n  <\/td><td>\n  Dise\u00f1o\n  de Estabilizaci\u00f3n Estructural del Inmueble Patrimonial Club Deportivo y\n  Social Putaendo\n  <\/td><td>\n  Valpara\u00edso\n  <\/td><td>\n  Putaendo\n  <\/td><td>\n  Dise\u00f1o\n  <\/td><\/tr><tr><td>\n  Regional\n  <\/td><td>\n  Levantamiento\n  Cr\u00edtico y Propuesta de Restauraci\u00f3n Iglesia Apostol Andres de Talca\n  <\/td><td>\n  Maule\n  \n  <\/td><td>\n  Talca\n  <\/td><td>\n  Dise\u00f1o\n  <\/td><\/tr><tr><td>\n  Regional\n  <\/td><td>\n  Rescate\n  y puesta en valor, Vapor Enco a cielo abierto. Etapa dise\u00f1o\n  <\/td><td>\n  Los\n  R\u00edos\n  <\/td><td>\n  Panguipulli\n  <\/td><td>\n  Dise\u00f1o\n  <\/td><\/tr><tr><td>\n  Regional\n  <\/td><td>\n  Restauraci\u00f3n\n  fachada edificio Casa del Arte Jos\u00e9 Clemente Orozco\n  <\/td><td>\n  Biob\u00edo\n  <\/td><td>\n  Concepci\u00f3n\n  <\/td><td>\n  Obras\n  <\/td><\/tr><tr><td>\n  Regional\n  <\/td><td>\n  Diagn\u00f3stico\n  y dise\u00f1o de arquitectura Centro Cultural Casa Yanulaque\n  <\/td><td>\n  Arica\n  y Parinacota\n  <\/td><td>\n  Arica\n  <\/td><td>\n  Dise\u00f1o\n  <\/td><\/tr><tr><td>\n  Regional\n  <\/td><td>\n  Cine\n  Cerro Sombrero, Restauraci\u00f3n de fachadas y puesta en valor, ejecuci\u00f3n\n  <\/td><td>\n  Magallanes\n  y de La Ant\u00e1rtica Chilena\n  <\/td><td>\n  Primavera\n  <\/td><td>\n  Obras\n  <\/td><\/tr><tr><td>\n  Regional\n  <\/td><td>\n  Conservaci\u00f3n\n  de fachadas y Cubiertas Casa Raddatz, Fachada Poniente\n  <\/td><td>\n  Los\n  Lagos\n  <\/td><td>\n  Puerto Varas\n  <\/td><td>\n  Obras\n  <\/td><\/tr><tr><td>\n  Regional\n  <\/td><td>\n  Dise\u00f1o\n  de Mejoramiento Museo Liceo Gregorio Cordovez\n  <\/td><td>\n  Coquimbo\n  <\/td><td>\n  La Serena\n  <\/td><td>\n  Dise\u00f1o\n  <\/td><\/tr><tr><td>\n  Regional\n  <\/td><td>\n  Mejoramiento\n  Museo Hist\u00f3rico Arqueologico y Biblioteca Municipal de Municipal de\n  Villarrica\n  <\/td><td>\n  La\n  Araucan\u00eda\n  <\/td><td>\n  Villarrica\n  <\/td><td>\n  Obras\n  <\/td><\/tr><tr><td>\n  Regional\n  <\/td><td>\n  Proyecto\n  de Dise\u00f1o del Museo Puerto Cristal, restauraci\u00f3n de las Bodegas Portuarias\n  <\/td><td>\n  Ays\u00e9n\n  del General Carlos Ib\u00e1\u00f1ez del Campo\n  <\/td><td>\n  R\u00edo Ib\u00e1\u00f1ez\n  <\/td><td>\n  Dise\u00f1o\n  <\/td><\/tr><tr><td>\n  Regional\n  <\/td><td>\n  Puesta\n  en Valor Monumento Hist\u00f3rico Balneario Popular y Campo de Prisioneros Melinka\n  &#8211; Puchuncav\u00ed. Habilitaci\u00f3n Museo de Sitio &#8211; etapa 1\n  <\/td><td>\n  Valpara\u00edso\n  <\/td><td>\n  Puchuncav\u00ed\n  <\/td><td>\n  Obras\n  <\/td><\/tr><tr><td>\n  Regional\n  <\/td><td>\n  Casona\n  Compa\u00f1\u00eda\n  <\/td><td>\n  Metropolitana\n  <\/td><td>\n  Santiago\n  <\/td><td>\n  Obras\n  <\/td><\/tr><tr><td>\n  Regional\n  <\/td><td>\n  Consolidaci\u00f3n\n  Estructural Muro Perimetral Norte Capilla Santa Ana, Cerro Cordillera,\n  Valpara\u00edso.\n  <\/td><td>\n  Valpara\u00edso\n  <\/td><td>\n  Valpara\u00edso\n  <\/td><td>\n  Obras\n  <\/td><\/tr><tr><td>\n  Regional\n  <\/td><td>\n  Intervenci\u00f3n\n  t\u00e9cnica y funcional para refuerzo de la rehabilitaci\u00f3n patrimonial de Casa\n  Ehrenfeld \/ Conservatorio de M\u00fasica\n  <\/td><td>\n  Los\n  R\u00edos\n  <\/td><td>\n  Valdivia\n  <\/td><td>\n  Obras\n  <\/td><\/tr><tr><td>\n  Regional\n  <\/td><td>\n  Dise\u00f1o\n  ampliaci\u00f3n y acondicionamiento dep\u00f3sito y auditorio Museo de Qu\u00edmica y\n  Farmacia Profesor C\u00e9sar Leyton\n  <\/td><td>\n  Metropolitana\n  <\/td><td>\n  Santiago\n  <\/td><td>\n  Dise\u00f1o\n  <\/td><\/tr><tr><td>\n  Regional\n  <\/td><td>\n  Restauraci\u00f3n\n  arquitect\u00f3nica integral Farmacia y Droguer\u00eda Libertad, Huara\n  <\/td><td>\n  Tarapac\u00e1\n  <\/td><td>\n  Huara\n  <\/td><td>\n  Dise\u00f1o\n  <\/td><\/tr><tr><td>\n  Regional\n  <\/td><td>\n  Dise\u00f1o\n  para la restauraci\u00f3n y habilitaci\u00f3n de la Casona patrimonial Compa\u00f1\u00eda de\n  Jes\u00fas 2980\n  <\/td><td>\n  Metropolitana\n  <\/td><td>\n  Santiago\n  <\/td><td>\n  Dise\u00f1o\n  <\/td><\/tr><tr><td>\n  Regional\n  <\/td><td>\n  Dise\u00f1o\n  Proyecto de Conservaci\u00f3n y Restauraci\u00f3n Casa Peters, Biblioteca P\u00fablica de\n  R\u00edo Bueno\n  <\/td><td>\n  Los\n  R\u00edos\n  <\/td><td>\n  R\u00edo Bueno\n  <\/td><td>\n  Dise\u00f1o\n  <\/td><\/tr><tr><td>\n  Regional\n  <\/td><td>\n  Rehabilitaci\u00f3n\n  y puesta en valor Casa Klagges, Puerto Octay.\n  <\/td><td>\n  Los\n  Lagos\n  <\/td><td>\n  Puerto Octay\n  <\/td><td>\n  Obras\n  <\/td><\/tr><tr><td>\n  Regional\n  <\/td><td>\n  Reparaci\u00f3n\n  Lado Norte Iglesia de Calen\n  <\/td><td>\n  Los\n  Lagos\n  <\/td><td>\n  Dalcahue\n  <\/td><td>\n  Obras\n  <\/td><\/tr><tr><td>\n  Regional\n  <\/td><td>\n  Dise\u00f1o\n  para la restauraci\u00f3n y puesta en valor del vag\u00f3n de tren ubicado dentro del\n  recinto del Monumento Hist\u00f3rico estaci\u00f3n ferroviaria de&nbsp; Mercedes\n  <\/td><td>\n  Maule\n  \n  <\/td><td>\n  Talca\n  <\/td><td>\n  Dise\u00f1o\n  <\/td><\/tr><tr><td>\n  Regional\n  <\/td><td>\n  Obras\n  de emergencia y consolidaci\u00f3n estructural Monumento Hist\u00f3rico Casa Chadwick\n  <\/td><td>\n  Coquimbo\n  <\/td><td>\n  La Serena\n  <\/td><td>\n  Obras\n  <\/td><\/tr><tr><td>\n  Regional\n  <\/td><td>\n  Proyecto\n  consolidaci\u00f3n estructural y restauraci\u00f3n P\u00f3rtico Cementerio N\u00b01 Valpara\u00edso\n  <\/td><td>\n  Valpara\u00edso\n  <\/td><td>\n  Valpara\u00edso\n  <\/td><td>\n  Dise\u00f1o\n  <\/td><\/tr><tr><td>\n  Regional\n  <\/td><td>\n  Proyecto\n  de Recuperaci\u00f3n Arquitect\u00f3nica de Fachadas Edificios Arturo Alessandri\n  Rodriguez y Departamento de Ingenier\u00eda Industrial (Universidad de Chile)\n  <\/td><td>\n  Metropolitana\n  <\/td><td>\n  Santiago\n  <\/td><td>\n  Obras\n  <\/td><\/tr><tr><td>\n  Regional\n  <\/td><td>\n  Conservaci\u00f3n\n  y Restauraci\u00f3n Casa Castillo San Sebasti\u00e1n de la Cruz.\n  <\/td><td>\n  Los\n  R\u00edos\n  <\/td><td>\n  Corral\n  <\/td><td>\n  Dise\u00f1o\n  <\/td><\/tr><tr><td>\n  Regional\n  <\/td><td>\n  Restauraci\u00f3n\n  Pabellones Limay Cementerio General\n  <\/td><td>\n  Metropolitana\n  <\/td><td>\n  Recoleta\n  <\/td><td>\n  Obras\n  <\/td><\/tr><\/tbody><\/table><\/figure>\n","protected":false},"excerpt":{"rendered":"<p>La recuperaci\u00f3n de la fachada y cubiertas del Cine de Cerro Sombrero, en la comuna de Primavera, figura en el listado de proyectos beneficiados con el Fondo del Patrimonio Cultural&#8230; <a class=\"read-more\" href=\"https:\/\/www.radiopresidenteibanez.cl\/web\/cine-de-cerro-sombrero-recibira-aportes-del-fondo-del-patrimonio-cultural-para-trabajos-de-recuperacion\/\">Leer m\u00e1s<\/a><\/p>\n","protected":false},"author":2,"featured_media":9503,"comment_status":"closed","ping_status":"closed","sticky":false,"template":"","format":"standard","meta":{"footnotes":""},"categories":[1],"tags":[],"class_list":["post-9502","post","type-post","status-publish","format-standard","has-post-thumbnail","hentry","category-cronica"],"_links":{"self":[{"href":"https:\/\/www.radiopresidenteibanez.cl\/web\/wp-json\/wp\/v2\/posts\/9502","targetHints":{"allow":["GET"]}}],"collection":[{"href":"https:\/\/www.radiopresidenteibanez.cl\/web\/wp-json\/wp\/v2\/posts"}],"about":[{"href":"https:\/\/www.radiopresidenteibanez.cl\/web\/wp-json\/wp\/v2\/types\/post"}],"author":[{"embeddable":true,"href":"https:\/\/www.radiopresidenteibanez.cl\/web\/wp-json\/wp\/v2\/users\/2"}],"replies":[{"embeddable":true,"href":"https:\/\/www.radiopresidenteibanez.cl\/web\/wp-json\/wp\/v2\/comments?post=9502"}],"version-history":[{"count":0,"href":"https:\/\/www.radiopresidenteibanez.cl\/web\/wp-json\/wp\/v2\/posts\/9502\/revisions"}],"wp:featuredmedia":[{"embeddable":true,"href":"https:\/\/www.radiopresidenteibanez.cl\/web\/wp-json\/wp\/v2\/media\/9503"}],"wp:attachment":[{"href":"https:\/\/www.radiopresidenteibanez.cl\/web\/wp-json\/wp\/v2\/media?parent=9502"}],"wp:term":[{"taxonomy":"category","embeddable":true,"href":"https:\/\/www.radiopresidenteibanez.cl\/web\/wp-json\/wp\/v2\/categories?post=9502"},{"taxonomy":"post_tag","embeddable":true,"href":"https:\/\/www.radiopresidenteibanez.cl\/web\/wp-json\/wp\/v2\/tags?post=9502"}],"curies":[{"name":"wp","href":"https:\/\/api.w.org\/{rel}","templated":true}]}}