{"id":9499,"date":"2020-02-03T13:25:55","date_gmt":"2020-02-03T13:25:55","guid":{"rendered":"https:\/\/www.radiopresidenteibanez.cl\/web\/?p=9499"},"modified":"2020-02-03T13:25:59","modified_gmt":"2020-02-03T13:25:59","slug":"mindep-e-ind-recorrieron-distintas-comunas-de-magallanes-en-enero-para-promover-un-verano-activo","status":"publish","type":"post","link":"https:\/\/www.radiopresidenteibanez.cl\/web\/mindep-e-ind-recorrieron-distintas-comunas-de-magallanes-en-enero-para-promover-un-verano-activo\/","title":{"rendered":"MINDEP E IND RECORRIERON DISTINTAS COMUNAS DE MAGALLANES EN ENERO PARA PROMOVER UN VERANO ACTIVO"},"content":{"rendered":"\n<p>El Ministerio del Deporte y el Instituto Nacional de Deportes tuvieron un\ncargado calendario de actividades en enero para promocionar unas activas\nvacaciones de verano en Magallanes, logrando reunir a miles de familias en\ntorno a la actividad f\u00edsica y el deporte.<\/p>\n\n\n\n<p>Con el inicio de talleres y m\u00faltiples actividades masivas, entre los que\ndestacaron los encuentros deportivos familiares y los parques acu\u00e1ticos en la\npiscina Fiscal, la Seremi del Deporte y la direcci\u00f3n regional del IND\nrecorrieron Magallanes promoviendo un verano activo. <\/p>\n\n\n\n<p>As\u00ed, durante el primer mes de las vacaciones de verano, se alcanz\u00f3 un alto\nn\u00famero de inscritos en los 26 talleres que se iniciaron en enero, muchos de\nellos llenando sus cupos, y se consigui\u00f3 cerca de 1000 asistentes en los 4\nparques acu\u00e1ticos que se llevaron a cabo en la piscina Fiscal, adem\u00e1s de una\ngran convocatoria en los 8 parques recreativos, los que se dividieron entre Punta\nArenas, Puerto Natales, San Gregorio y Porvenir. <\/p>\n\n\n\n<p>\u201cTuvimos un intenso primer mes de actividades en las vacaciones de verano,\npero nos queda la alegr\u00eda de haber conseguido un gran n\u00famero de participantes\nen todas las actividades que convocamos y organizamos. Nos da mucho gusto ver a\nlas familias compartiendo en torno a la actividad f\u00edsica y el deporte y m\u00e1s a\u00fan\nsi los eventos masivos podemos descentralizarlos y llevarlos a distintas\ncomunas de la regi\u00f3n\u201d, se\u00f1al\u00f3 la Seremi del Deporte de Magallanes y la\nAnt\u00e1rtica Chilena, Odette Callahan. <\/p>\n\n\n\n<p>Para febrero, en tanto, las actividades contemplan encuentros deportivos\nfamiliares todos los jueves en el gimnasio Fiscal, adem\u00e1s de 2 parques\nacu\u00e1ticos en la piscina Fiscal y nuevas actividades masivas en Porvenir, Puerto\nNatales y Primavera. <\/p>\n\n\n\n<p>Adem\u00e1s, para cerrar el verano activo impulsado por el Ministerio del\nDeporte e Instituto Nacional de Deportes est\u00e1 planificado un Festival Deportivo\nen la Costanera del Estrecho, el pr\u00f3ximo s\u00e1bado 29 de febrero <\/p>\n","protected":false},"excerpt":{"rendered":"<p>El Ministerio del Deporte y el Instituto Nacional de Deportes tuvieron un cargado calendario de actividades en enero para promocionar unas activas vacaciones de verano en Magallanes, logrando reunir a&#8230; <a class=\"read-more\" href=\"https:\/\/www.radiopresidenteibanez.cl\/web\/mindep-e-ind-recorrieron-distintas-comunas-de-magallanes-en-enero-para-promover-un-verano-activo\/\">Leer m\u00e1s<\/a><\/p>\n","protected":false},"author":2,"featured_media":9500,"comment_status":"closed","ping_status":"closed","sticky":false,"template":"","format":"standard","meta":{"footnotes":""},"categories":[1],"tags":[],"class_list":["post-9499","post","type-post","status-publish","format-standard","has-post-thumbnail","hentry","category-cronica"],"_links":{"self":[{"href":"https:\/\/www.radiopresidenteibanez.cl\/web\/wp-json\/wp\/v2\/posts\/9499","targetHints":{"allow":["GET"]}}],"collection":[{"href":"https:\/\/www.radiopresidenteibanez.cl\/web\/wp-json\/wp\/v2\/posts"}],"about":[{"href":"https:\/\/www.radiopresidenteibanez.cl\/web\/wp-json\/wp\/v2\/types\/post"}],"author":[{"embeddable":true,"href":"https:\/\/www.radiopresidenteibanez.cl\/web\/wp-json\/wp\/v2\/users\/2"}],"replies":[{"embeddable":true,"href":"https:\/\/www.radiopresidenteibanez.cl\/web\/wp-json\/wp\/v2\/comments?post=9499"}],"version-history":[{"count":0,"href":"https:\/\/www.radiopresidenteibanez.cl\/web\/wp-json\/wp\/v2\/posts\/9499\/revisions"}],"wp:featuredmedia":[{"embeddable":true,"href":"https:\/\/www.radiopresidenteibanez.cl\/web\/wp-json\/wp\/v2\/media\/9500"}],"wp:attachment":[{"href":"https:\/\/www.radiopresidenteibanez.cl\/web\/wp-json\/wp\/v2\/media?parent=9499"}],"wp:term":[{"taxonomy":"category","embeddable":true,"href":"https:\/\/www.radiopresidenteibanez.cl\/web\/wp-json\/wp\/v2\/categories?post=9499"},{"taxonomy":"post_tag","embeddable":true,"href":"https:\/\/www.radiopresidenteibanez.cl\/web\/wp-json\/wp\/v2\/tags?post=9499"}],"curies":[{"name":"wp","href":"https:\/\/api.w.org\/{rel}","templated":true}]}}