{"id":9496,"date":"2020-02-03T13:23:07","date_gmt":"2020-02-03T13:23:07","guid":{"rendered":"https:\/\/www.radiopresidenteibanez.cl\/web\/?p=9496"},"modified":"2020-02-03T13:23:11","modified_gmt":"2020-02-03T13:23:11","slug":"seremi-del-trabajo-destaca-mantencion-de-cifra-de-desempleo-comparada-con-ultimo-trimestre-movil","status":"publish","type":"post","link":"https:\/\/www.radiopresidenteibanez.cl\/web\/seremi-del-trabajo-destaca-mantencion-de-cifra-de-desempleo-comparada-con-ultimo-trimestre-movil\/","title":{"rendered":"SEREMI DEL TRABAJO DESTACA MANTENCI\u00d3N DE CIFRA DE DESEMPLEO COMPARADA CON \u00daLTIMO TRIMESTRE M\u00d3VIL"},"content":{"rendered":"\n<p>Al ser\nconsultada la Seremi del Trabajo, Victoria Cort\u00e9s Schiattino, sobre un nuevo\nreporte de las cifras de empleo regionales emitidas por el Instituto Nacional\nde Estad\u00edsticas (Ine), la autoridad laboral se\u00f1al\u00f3, en primer lugar, que \u201cno\nhay que olvidar que estos no son s\u00f3lo datos, detr\u00e1s de estos n\u00fameros hay miles\nde personas y familias que se ven incididas por la mantenci\u00f3n o no de los\npuestos de trabajo y, al dar a conocer estos datos y enfocar nuestros\nesfuerzos, primero, hay que pensar en ellos\u201d.<\/p>\n\n\n\n<p>Al respecto,\nCort\u00e9s enfatiz\u00f3 que el trabajo de este nuevo a\u00f1o \u201cen el que se est\u00e1 enfocando\nla pol\u00edtica del Presidente Sebasti\u00e1n Pi\u00f1era es en la manera de recobrar los\nempleos perdidos durante los \u00faltimos meses y reactivar la econom\u00eda. Recordemos\nque en Magallanes durante los meses de octubre, noviembre y diciembre fueron\ncerca de mil los despidos por la causal necesidades de la empresa, lo que\npodr\u00eda o no estar asociado al estallido social, no obstante, se est\u00e1 trabajando\npara revertir esa situaci\u00f3n\u201d.<\/p>\n\n\n\n<p>En relaci\u00f3n\ncon las cifras, la Seremi destac\u00f3 la estabilidad lograda este \u00faltimo trimestre\npor el empleo, en comparaci\u00f3n con los meses anteriores, de acuerdo a lo informado\npor el Ine. \u201cEfectivamente, en relaci\u00f3n con el trimestre inmediatamente\nanterior, vemos una mantenci\u00f3n de la cifra de desempleo, de un 3,3% y esto lo\nanalizamos en cada trimestre precisamente debido a la contingencia. El an\u00e1lisis\nmes a mes nos permite verificar el impacto de la crisis en los puestos de\ntrabajo locales. No obstante, s\u00ed vemos un aumento del desempleo en comparaci\u00f3n\ncon igual mes del a\u00f1o anterior, que implica una cantidad no menor de 660\npersonas desocupadas m\u00e1s que a fines del a\u00f1o 2018\u201d, explic\u00f3 la secretaria\nregional.<\/p>\n\n\n\n<p>A pesar de\neste dato, el informe del Ine que corresponde al trimestre m\u00f3vil de octubre a\ndiciembre, destaca que durante este per\u00edodo se registr\u00f3 un alza de un 0,1% en\nlos ocupados, equivalente a m\u00e1s de 90 personas con trabajo m\u00e1s que las\nregistradas en el mismo per\u00edodo del a\u00f1o 2018.<\/p>\n\n\n\n<p>\u201cEste es un\ndato concreto que nos entrega el Ine en relaci\u00f3n con el reporte de empleo de\nlos tres meses en los que se vivi\u00f3 con m\u00e1s fuerza el estallido social y, por\ntanto, a trav\u00e9s de esta alza, podemos inferir que todav\u00eda contamos con una\neconom\u00eda fuerte y estable en Magallanes capaz de generar puestos de trabajo\u201d,\nreflexion\u00f3 la autoridad.<\/p>\n\n\n\n<p>Sobre esto,\nel informe indica que el crecimiento de los ocupados fue incidido principalmente\nen los sectores ligados a la Industria manufacturera, Construcci\u00f3n y\nAdministraci\u00f3n p\u00fablica, con alzas de un 29,2%, 19,7% y 10,9%, respectivamente.<\/p>\n\n\n\n<p>\u201cUn impulso\nadicional a esa tarea es el que esperamos aportar con la aprobaci\u00f3n del\nproyecto de ley de protecci\u00f3n al empleo y fortalecimiento del seguro de\ncesant\u00eda enviado por el Presidente Sebasti\u00e1n Pi\u00f1era hace algunas semanas y que,\nuna vez aprobado, podr\u00eda dar un respiro a aquellos empleadores que lo requieran\na trav\u00e9s de pactos de reducci\u00f3n de jornada, entre otras medidas que buscan\nproteger a los trabajadores a fin de que no pierdan sus empleos\u201d, concluy\u00f3 la\nSeremi.<\/p>\n","protected":false},"excerpt":{"rendered":"<p>Al ser consultada la Seremi del Trabajo, Victoria Cort\u00e9s Schiattino, sobre un nuevo reporte de las cifras de empleo regionales emitidas por el Instituto Nacional de Estad\u00edsticas (Ine), la autoridad&#8230; <a class=\"read-more\" href=\"https:\/\/www.radiopresidenteibanez.cl\/web\/seremi-del-trabajo-destaca-mantencion-de-cifra-de-desempleo-comparada-con-ultimo-trimestre-movil\/\">Leer m\u00e1s<\/a><\/p>\n","protected":false},"author":2,"featured_media":9497,"comment_status":"closed","ping_status":"closed","sticky":false,"template":"","format":"standard","meta":{"footnotes":""},"categories":[1],"tags":[],"class_list":["post-9496","post","type-post","status-publish","format-standard","has-post-thumbnail","hentry","category-cronica"],"_links":{"self":[{"href":"https:\/\/www.radiopresidenteibanez.cl\/web\/wp-json\/wp\/v2\/posts\/9496","targetHints":{"allow":["GET"]}}],"collection":[{"href":"https:\/\/www.radiopresidenteibanez.cl\/web\/wp-json\/wp\/v2\/posts"}],"about":[{"href":"https:\/\/www.radiopresidenteibanez.cl\/web\/wp-json\/wp\/v2\/types\/post"}],"author":[{"embeddable":true,"href":"https:\/\/www.radiopresidenteibanez.cl\/web\/wp-json\/wp\/v2\/users\/2"}],"replies":[{"embeddable":true,"href":"https:\/\/www.radiopresidenteibanez.cl\/web\/wp-json\/wp\/v2\/comments?post=9496"}],"version-history":[{"count":0,"href":"https:\/\/www.radiopresidenteibanez.cl\/web\/wp-json\/wp\/v2\/posts\/9496\/revisions"}],"wp:featuredmedia":[{"embeddable":true,"href":"https:\/\/www.radiopresidenteibanez.cl\/web\/wp-json\/wp\/v2\/media\/9497"}],"wp:attachment":[{"href":"https:\/\/www.radiopresidenteibanez.cl\/web\/wp-json\/wp\/v2\/media?parent=9496"}],"wp:term":[{"taxonomy":"category","embeddable":true,"href":"https:\/\/www.radiopresidenteibanez.cl\/web\/wp-json\/wp\/v2\/categories?post=9496"},{"taxonomy":"post_tag","embeddable":true,"href":"https:\/\/www.radiopresidenteibanez.cl\/web\/wp-json\/wp\/v2\/tags?post=9496"}],"curies":[{"name":"wp","href":"https:\/\/api.w.org\/{rel}","templated":true}]}}