{"id":9493,"date":"2020-02-03T13:20:51","date_gmt":"2020-02-03T13:20:51","guid":{"rendered":"https:\/\/www.radiopresidenteibanez.cl\/web\/?p=9493"},"modified":"2020-02-03T13:20:54","modified_gmt":"2020-02-03T13:20:54","slug":"abiertas-las-postulaciones-al-fondo-concursable-participa-2020-de-injuv","status":"publish","type":"post","link":"https:\/\/www.radiopresidenteibanez.cl\/web\/abiertas-las-postulaciones-al-fondo-concursable-participa-2020-de-injuv\/","title":{"rendered":"ABIERTAS LAS POSTULACIONES AL FONDO CONCURSABLE PARTICIPA 2020 DE INJUV"},"content":{"rendered":"\n<p>El Instituto Nacional de la Juventud (INJUV) ya abri\u00f3 las postulaciones al fondo concursable Participa 2020, el cual busca entregar financiamiento a organizaciones con proyectos e ideas en beneficio de los j\u00f3venes.<\/p>\n\n\n\n<p>Pueden postular organizaciones territoriales y funcionales con personalidad jur\u00eddica&nbsp;sin fines de lucro y deber\u00e1n encontrarse inscritas al momento de su postulaci\u00f3n en el Registro Central de Colaboradores del Estado y Municipalidades (de acuerdo a Ley N\u00b019.862, ver en&nbsp;<a href=\"http:\/\/www.registros19862.cl\/\" target=\"_blank\" rel=\"noreferrer noopener\">www.registros19862.cl<\/a>), como por ejemplo: juntas de vecinos, clubes deportivos, colectivos, centros de estudiantes, entre otros.<\/p>\n\n\n\n<p>El Fondo Participa busca apoyar proyectos que pertenezcan a uno de los tres ejes prioritarios definidos como: Desarrollo Laboral- Vocacional, Desarrollo C\u00edvico- Social, y Desarrollo F\u00edsico \u2013 Mental.&nbsp;<\/p>\n\n\n\n<p>Ante esto la Seremi de Desarrollo Social y Familia, Liz Casanueva dijo: \u201cQueremos que los j\u00f3venes entre 15 y 29 a\u00f1os que pertenezcan a alguna organizaci\u00f3n, de cualquier comuna de Magallanes se animen a participar, tenemos 4 cupos a los cuales se le entregar\u00e1n montos \u00fanicos de 1 mill\u00f3n 500 mil pesos por organizaci\u00f3n con el fin de promover el desarrollo dentro de sus comunidades. Para m\u00e1s detalles&nbsp;<a href=\"http:\/\/www.injuv.gob.cl\/\" target=\"_blank\" rel=\"noreferrer noopener\">www.injuv.gob.cl<\/a>&nbsp;\u201d<\/p>\n\n\n\n<p>As\u00ed mismo la Directora Nacional (s) del Instituto Nacional de la Juventud, Mar\u00eda Asunci\u00f3n Cekalovic dijo: \u201cla idea es que INJUV despu\u00e9s siga con talleres apoyando lo que en un tiempo fue un Fondo Participa, que despu\u00e9s pase un fondo comunitario, o que pueda pasar tambi\u00e9n despu\u00e9s a un FOSIS, a un SERCOTEC, a un CORFO seg\u00fan vaya subiendo. La idea es que no sea un fondo aislado, sino que tambi\u00e9n vaya conversando con toda la red de fomento productivo, con los municipios, con otras ONG, vamos insert\u00e1ndolos, hay bastante que hacer ah\u00ed.\u201d<\/p>\n\n\n\n<p>Las postulaciones se realizan a trav\u00e9s de la Plataforma Unificada de Fondos Concursables del Estado&nbsp;<a href=\"http:\/\/www.fondos.gob.cl\/\" target=\"_blank\" rel=\"noreferrer noopener\">www.fondos.gob.cl<\/a>&nbsp;desde el 27 de enero hasta el 23 de febrero y los representantes de las organizaciones deben acceder con su Clave \u00danica otorgada por el Registro Civil<\/p>\n\n\n\n<p>Las bases e informaci\u00f3n est\u00e1n disponibles en&nbsp;<a href=\"http:\/\/www.injuv.gob.cl\/noticias\/fondoparticipa2020\" target=\"_blank\" rel=\"noreferrer noopener\">http:\/\/www.injuv.gob.cl\/noticias\/fondoparticipa2020<\/a><\/p>\n","protected":false},"excerpt":{"rendered":"<p>El Instituto Nacional de la Juventud (INJUV) ya abri\u00f3 las postulaciones al fondo concursable Participa 2020, el cual busca entregar financiamiento a organizaciones con proyectos e ideas en beneficio de&#8230; <a class=\"read-more\" href=\"https:\/\/www.radiopresidenteibanez.cl\/web\/abiertas-las-postulaciones-al-fondo-concursable-participa-2020-de-injuv\/\">Leer m\u00e1s<\/a><\/p>\n","protected":false},"author":2,"featured_media":9494,"comment_status":"closed","ping_status":"closed","sticky":false,"template":"","format":"standard","meta":{"footnotes":""},"categories":[1],"tags":[],"class_list":["post-9493","post","type-post","status-publish","format-standard","has-post-thumbnail","hentry","category-cronica"],"_links":{"self":[{"href":"https:\/\/www.radiopresidenteibanez.cl\/web\/wp-json\/wp\/v2\/posts\/9493","targetHints":{"allow":["GET"]}}],"collection":[{"href":"https:\/\/www.radiopresidenteibanez.cl\/web\/wp-json\/wp\/v2\/posts"}],"about":[{"href":"https:\/\/www.radiopresidenteibanez.cl\/web\/wp-json\/wp\/v2\/types\/post"}],"author":[{"embeddable":true,"href":"https:\/\/www.radiopresidenteibanez.cl\/web\/wp-json\/wp\/v2\/users\/2"}],"replies":[{"embeddable":true,"href":"https:\/\/www.radiopresidenteibanez.cl\/web\/wp-json\/wp\/v2\/comments?post=9493"}],"version-history":[{"count":0,"href":"https:\/\/www.radiopresidenteibanez.cl\/web\/wp-json\/wp\/v2\/posts\/9493\/revisions"}],"wp:featuredmedia":[{"embeddable":true,"href":"https:\/\/www.radiopresidenteibanez.cl\/web\/wp-json\/wp\/v2\/media\/9494"}],"wp:attachment":[{"href":"https:\/\/www.radiopresidenteibanez.cl\/web\/wp-json\/wp\/v2\/media?parent=9493"}],"wp:term":[{"taxonomy":"category","embeddable":true,"href":"https:\/\/www.radiopresidenteibanez.cl\/web\/wp-json\/wp\/v2\/categories?post=9493"},{"taxonomy":"post_tag","embeddable":true,"href":"https:\/\/www.radiopresidenteibanez.cl\/web\/wp-json\/wp\/v2\/tags?post=9493"}],"curies":[{"name":"wp","href":"https:\/\/api.w.org\/{rel}","templated":true}]}}