{"id":9491,"date":"2020-02-03T12:59:12","date_gmt":"2020-02-03T12:59:12","guid":{"rendered":"https:\/\/www.radiopresidenteibanez.cl\/web\/?p=9491"},"modified":"2020-02-03T12:59:16","modified_gmt":"2020-02-03T12:59:16","slug":"un-estado-sin-confianza-por-juan-luis-oyarzo-galvez","status":"publish","type":"post","link":"https:\/\/www.radiopresidenteibanez.cl\/web\/un-estado-sin-confianza-por-juan-luis-oyarzo-galvez\/","title":{"rendered":"UN \u201cESTADO\u201d SIN CONFIANZA POR JUAN LUIS OYARZO G\u00c1LVEZ"},"content":{"rendered":"\n<p>En Chile la crisis de confianza en las instituciones coloca en peligro\na la democracia y esto se agrava cuando hablamos del Estado, una figura que en\nnuestro pa\u00eds se encontraba inc\u00f3lume en los \u00faltimos a\u00f1os.<\/p>\n\n\n\n<p>Un sondeo del Consejo para la Transparencia indica que s\u00f3lo dos de cada\n10 chilenos conf\u00edan en el Estado, revelando tambi\u00e9n que m\u00e1s de un 75% de los\nencuestados lo considera distante y maltratador. Estas cifras no nos deben\nextra\u00f1ar y muchos acad\u00e9micos incluso lo han mencionado antes del estallido\nsocial de octubre. Nuestra institucionalidad p\u00fablica se encuentra \u201cerosionada\u201d.\nEn otras palabras, la sociedad ha avanzado, la tecnolog\u00eda ha avanzado, las\nnecesidades han cambiado, no obstante, el quehacer p\u00fablico se encuentra\nestancado en pol\u00edticas poco flexibles que no permiten realizar grandes cambios.<\/p>\n\n\n\n<p>El debate p\u00fablico con frecuencia enfrenta a partidarios del Estado y a\npartidarios del Mercado, sin embargo, la realidad es clara, el Estado no puede\nasegurar el bienestar de sus ciudadanos sin el rol del Mercado y esto no trata\ns\u00f3lo de la libertad, sino que m\u00e1s bien trata de corregir los fallos que puedan\nexistir en esta dependencia. El funcionamiento del Mercado depende de la eficiencia\ndel Estado. Es de esta manera que tenemos que volver a conectar a los distintos\nactores de la sociedad. Como lo indica Rajan en su libro \u201cEl tercer pilar\u201d el\ndesaf\u00edo es revalorizar la participaci\u00f3n de la sociedad civil y su contribuci\u00f3n\ncomunitaria en el desarrollo de una sociedad sostenible. Esto no es nada nuevo\nya que en pa\u00edses como China, Noruega o Suecia la representaci\u00f3n de distintos\nactores de la sociedad es habitual en la gobernanza de las organizaciones\np\u00fablicas. <\/p>\n\n\n\n<p>Para nuestro pa\u00eds esta relaci\u00f3n de co-participaci\u00f3n social ni siquiera\nforma parte de una conversaci\u00f3n p\u00fablica seria, sino que m\u00e1s bien se deja en\naspectos testimoniales, es decir, se generan instancias de participaci\u00f3n\nciudadana de forma simb\u00f3lica para cumplir con las formalidades exigidas en la\nley. Ejemplo de aquello es el paso elevado de la ruta 9 (cruce de la muerte) en\ndonde se han cumplido con los protocolos de consultas ciudadanas, no obstante,\nla poca participaci\u00f3n quita confiabilidad a todo el proceso. Otro ejemplo de la\ndesconexi\u00f3n de la pol\u00edtica p\u00fablica con el quehacer social actual es la\nadjudicaci\u00f3n de la licitaci\u00f3n de la Pol\u00edtica de Fomento Productivo, primero por\nlos acontecimientos actuales que pueden dejar sin validez cualquier estudio\nrealizado en este periodo y segundo la inexperiencia del entorno social y\np\u00fablico de los encargados de construir este instrumento.<\/p>\n\n\n\n<p>En definitiva, el Estado requiere urgentemente ser reformado para\nasegurar la eficiencia del gasto p\u00fablico. Chile cambio y el Estado actual no\ncumple con las expectativas y exigencias de este nuevo pa\u00eds. Este punto no se\nrefiere a achicar el Estado, al contrario, tiene que ver con fortalecer su\naccionar y hacerlo m\u00e1s eficiente con funcionarios p\u00fablicos dedicados a la labor\np\u00fablica y no ha robustecer sus billeteras y su estado de bienestar particular.<\/p>\n","protected":false},"excerpt":{"rendered":"<p>En Chile la crisis de confianza en las instituciones coloca en peligro a la democracia y esto se agrava cuando hablamos del Estado, una figura que en nuestro pa\u00eds se&#8230; <a class=\"read-more\" href=\"https:\/\/www.radiopresidenteibanez.cl\/web\/un-estado-sin-confianza-por-juan-luis-oyarzo-galvez\/\">Leer m\u00e1s<\/a><\/p>\n","protected":false},"author":2,"featured_media":8010,"comment_status":"closed","ping_status":"closed","sticky":false,"template":"","format":"standard","meta":{"footnotes":""},"categories":[1],"tags":[],"class_list":["post-9491","post","type-post","status-publish","format-standard","has-post-thumbnail","hentry","category-cronica"],"_links":{"self":[{"href":"https:\/\/www.radiopresidenteibanez.cl\/web\/wp-json\/wp\/v2\/posts\/9491","targetHints":{"allow":["GET"]}}],"collection":[{"href":"https:\/\/www.radiopresidenteibanez.cl\/web\/wp-json\/wp\/v2\/posts"}],"about":[{"href":"https:\/\/www.radiopresidenteibanez.cl\/web\/wp-json\/wp\/v2\/types\/post"}],"author":[{"embeddable":true,"href":"https:\/\/www.radiopresidenteibanez.cl\/web\/wp-json\/wp\/v2\/users\/2"}],"replies":[{"embeddable":true,"href":"https:\/\/www.radiopresidenteibanez.cl\/web\/wp-json\/wp\/v2\/comments?post=9491"}],"version-history":[{"count":0,"href":"https:\/\/www.radiopresidenteibanez.cl\/web\/wp-json\/wp\/v2\/posts\/9491\/revisions"}],"wp:featuredmedia":[{"embeddable":true,"href":"https:\/\/www.radiopresidenteibanez.cl\/web\/wp-json\/wp\/v2\/media\/8010"}],"wp:attachment":[{"href":"https:\/\/www.radiopresidenteibanez.cl\/web\/wp-json\/wp\/v2\/media?parent=9491"}],"wp:term":[{"taxonomy":"category","embeddable":true,"href":"https:\/\/www.radiopresidenteibanez.cl\/web\/wp-json\/wp\/v2\/categories?post=9491"},{"taxonomy":"post_tag","embeddable":true,"href":"https:\/\/www.radiopresidenteibanez.cl\/web\/wp-json\/wp\/v2\/tags?post=9491"}],"curies":[{"name":"wp","href":"https:\/\/api.w.org\/{rel}","templated":true}]}}