{"id":9445,"date":"2020-01-30T22:59:11","date_gmt":"2020-01-30T22:59:11","guid":{"rendered":"https:\/\/www.radiopresidenteibanez.cl\/web\/?p=9445"},"modified":"2020-01-30T22:59:15","modified_gmt":"2020-01-30T22:59:15","slug":"programa-quiero-mi-barrio-presenta-el-consejo-vecinal-de-desarrollo-al-alcalde-de-natales","status":"publish","type":"post","link":"https:\/\/www.radiopresidenteibanez.cl\/web\/programa-quiero-mi-barrio-presenta-el-consejo-vecinal-de-desarrollo-al-alcalde-de-natales\/","title":{"rendered":"PROGRAMA QUIERO MI BARRIO PRESENTA EL CONSEJO VECINAL DE DESARROLLO AL ALCALDE DE NATALES"},"content":{"rendered":"\n<p>Hasta la Alcald\u00eda de Natales lleg\u00f3 el equipo a cargo del programa \u201cQuiero\nMi Barrio\u201d para presentar ante el alcalde de la comuna, el nuevo Consejo\nVecinal de Desarrollo de la poblaci\u00f3n Estadio y Natales Antiguo. Comandado por\nsu presidenta, Estela Guti\u00e9rrez, la secretaria Mar\u00eda Barrientos y su tesorera,\nMar\u00eda Jerez.<\/p>\n\n\n\n<p>El Consejo Vecinal de Desarrollo tiene como fin representar a los vecinos\nen la toma de decisiones, y es la conexi\u00f3n directa entre el municipio y los\nhabitantes del sector Estadio y Natales Antiguo. El consejo est\u00e1 compuesto por\ndirigentes que son escogidos por los propios vecinos del barrio.<\/p>\n\n\n\n<p>Fernando Paredes Mansilla, alcalde de Natales, afirm\u00f3 que hoy se inicia\nun trabajo muy importante con el Consejo Vecinal de Desarrollo. \u201cEllos van a\nser la voz y la representaci\u00f3n de todos los vecinos de la poblaci\u00f3n Estadio y\ntambi\u00e9n de Natales Antiguo. Se nos viene a trav\u00e9s del programa Quiero Mi\nBarrio, un gran trabajo. Pero va a ser fundamental&nbsp; la relaci\u00f3n con los vecinos a trav\u00e9s de este\nConsejo Vecinal de Desarrollo, conocido como CVD\u201d. <\/p>\n\n\n\n<p>Adem\u00e1s, la m\u00e1xima autoridad comunal, destac\u00f3 que es importante ver\ncolectivamente cuales van a ser los proyectos que se impulsar\u00e1n. \u201cEs importante\nque los vecinos sientan que el municipio est\u00e1 pendiente de su poblaci\u00f3n y &nbsp;de este trabajo en conjunto con esta\norganizaci\u00f3n nueva, que es el Consejo Vecinal de Desarrollo, precisamente tiene\nesa funci\u00f3n, de que ellos sean el nexo entre la municipalidad y los vecinos\u201d. <\/p>\n\n\n\n<p>El Seremi de Vivienda y Urbanismo, Jos\u00e9 Miguel Horcos, manifest\u00f3 al\nrespecto que \u201cComo Ministerio celebramos este nuevo paso que est\u00e1n dando los\nvecinos del Barrio Natales Antiguo y Poblaci\u00f3n Estadio al constituir su Consejo\nVecinal de Desarrollo al alero del Programa Quiero Mi Barrio, en esta alianza virtuosa\nque tenemos con la Ilustre Municipalidad de Natales y su alcalde\u201d, destacando\nque este hito de organizaci\u00f3n vecinal es fundamental para posteriormente\nsuscribir el Contrato de Barrios, oficializando as\u00ed el proceso de mejora y\nrecuperaci\u00f3n del sector.<\/p>\n\n\n\n<p>Por su parte, la secretaria del Consejo Vecinal de Desarrollo, Mar\u00eda\nBarrientos, agradeci\u00f3 la oportunidad de tener esta instancia. \u201cEl se\u00f1or alcalde\nnos ha entregado toda su confianza, nos ha dicho que tenemos un tiempo con \u00e9l\ncuando sea necesario, para poder asistir y aclarar las dudas y trabajar en\nconjunto con el equipo municipal del programa Quiero Mi Barrio\u201d.<\/p>\n\n\n\n<p>Esto forma parte del programa de Recuperaci\u00f3n de Barrios del Ministerio\nde Vivienda y Urbanismo, y el CVD es la organizaci\u00f3n formada para reunir a\ntodos los actores sociales del barrio. Este consejo tiene la facultad para\nformar comisiones con el fin de representar a la comunidad en distintas\ntem\u00e1ticas, tales como obras, medio ambiente, identidad, entre otras.<\/p>\n","protected":false},"excerpt":{"rendered":"<p>Hasta la Alcald\u00eda de Natales lleg\u00f3 el equipo a cargo del programa \u201cQuiero Mi Barrio\u201d para presentar ante el alcalde de la comuna, el nuevo Consejo Vecinal de Desarrollo de&#8230; <a class=\"read-more\" href=\"https:\/\/www.radiopresidenteibanez.cl\/web\/programa-quiero-mi-barrio-presenta-el-consejo-vecinal-de-desarrollo-al-alcalde-de-natales\/\">Leer m\u00e1s<\/a><\/p>\n","protected":false},"author":2,"featured_media":9446,"comment_status":"closed","ping_status":"closed","sticky":false,"template":"","format":"standard","meta":{"footnotes":""},"categories":[1],"tags":[],"class_list":["post-9445","post","type-post","status-publish","format-standard","has-post-thumbnail","hentry","category-cronica"],"_links":{"self":[{"href":"https:\/\/www.radiopresidenteibanez.cl\/web\/wp-json\/wp\/v2\/posts\/9445","targetHints":{"allow":["GET"]}}],"collection":[{"href":"https:\/\/www.radiopresidenteibanez.cl\/web\/wp-json\/wp\/v2\/posts"}],"about":[{"href":"https:\/\/www.radiopresidenteibanez.cl\/web\/wp-json\/wp\/v2\/types\/post"}],"author":[{"embeddable":true,"href":"https:\/\/www.radiopresidenteibanez.cl\/web\/wp-json\/wp\/v2\/users\/2"}],"replies":[{"embeddable":true,"href":"https:\/\/www.radiopresidenteibanez.cl\/web\/wp-json\/wp\/v2\/comments?post=9445"}],"version-history":[{"count":0,"href":"https:\/\/www.radiopresidenteibanez.cl\/web\/wp-json\/wp\/v2\/posts\/9445\/revisions"}],"wp:featuredmedia":[{"embeddable":true,"href":"https:\/\/www.radiopresidenteibanez.cl\/web\/wp-json\/wp\/v2\/media\/9446"}],"wp:attachment":[{"href":"https:\/\/www.radiopresidenteibanez.cl\/web\/wp-json\/wp\/v2\/media?parent=9445"}],"wp:term":[{"taxonomy":"category","embeddable":true,"href":"https:\/\/www.radiopresidenteibanez.cl\/web\/wp-json\/wp\/v2\/categories?post=9445"},{"taxonomy":"post_tag","embeddable":true,"href":"https:\/\/www.radiopresidenteibanez.cl\/web\/wp-json\/wp\/v2\/tags?post=9445"}],"curies":[{"name":"wp","href":"https:\/\/api.w.org\/{rel}","templated":true}]}}