{"id":9443,"date":"2020-01-30T20:48:02","date_gmt":"2020-01-30T20:48:02","guid":{"rendered":"https:\/\/www.radiopresidenteibanez.cl\/web\/?p=9443"},"modified":"2020-01-30T20:48:06","modified_gmt":"2020-01-30T20:48:06","slug":"edelmag-informa-sobre-los-distintos-cortes-de-suministro-que-afecto-a-punta-arenas-y-puerto-natales","status":"publish","type":"post","link":"https:\/\/www.radiopresidenteibanez.cl\/web\/edelmag-informa-sobre-los-distintos-cortes-de-suministro-que-afecto-a-punta-arenas-y-puerto-natales\/","title":{"rendered":"EDELMAG INFORMA SOBRE LOS DISTINTOS CORTES DE SUMINISTRO QUE AFECT\u00d3 A PUNTA ARENAS Y PUERTO NATALES"},"content":{"rendered":"\n<p>En relaci\u00f3n al comportamiento del sistema el\u00e9ctrico de Punta Arenas y Puerto Natales, durante el temporal de viento que durante esta jornada afecta a ambas ciudades, la Empresa El\u00e9ctrica de Magallanes informa lo siguiente:<\/p>\n\n\n\n<ul class=\"wp-block-list\"><li>En Punta Arenas, alrededor de las 14:50 cerca de 37 mil clientes ubicados en distintos sectores de la ciudad, vieron afectado el suministro de energ\u00eda debido a que las l\u00edneas hicieron contacto entre s\u00ed, provocando un cortocircuito que activaron las protecciones del sistema el\u00e9ctrico.&nbsp;<\/li><\/ul>\n\n\n\n<p>Inmediatamente se iniciaron las labores de reposici\u00f3n del servicio, lo que permiti\u00f3 que a las 15:40 horas, 30 mil clientes tuvieran disponible la energ\u00eda el\u00e9ctrica nuevamente. A esta hora permanecen sin energ\u00eda los sectores de Zona Franca, Villa Torres del Paine, Villa Las Nieves, El Bosque, Cardenal Silva Henr\u00edquez, entre otros. Se estima su normalizaci\u00f3n a las 18 horas.&nbsp;<br><\/p>\n\n\n\n<p>Paralelamente se inform\u00f3 que producto del viento se quebr\u00f3 un poste de media y baja tensi\u00f3n en el sector de Barranco Amarillo, que mantiene sin energ\u00eda a 200 clientes.&nbsp;<br><\/p>\n\n\n\n<p>En Punta Arenas, adem\u00e1s se report\u00f3 que un cami\u00f3n que en su rampa trasladaba otra m\u00e1quina, pas\u00f3 a enredar cables de telecomunicaciones, quebrando un poste de la l\u00ednea de transmisi\u00f3n. Lo anterior no provoc\u00f3 interrupci\u00f3n del servicio.<\/p>\n\n\n\n<ul class=\"wp-block-list\"><li>En el caso de Puerto Natales, a las 14:00 horas se interrumpi\u00f3 el suministro debido al corte de una de las l\u00edneas de la red de distribuci\u00f3n, afectando a 293 clientes de Huertos Familiares, el servicio fue repuesto alrededor de las 16:30 horas.<\/li><\/ul>\n\n\n\n<p>A lo anterior se agrega un poste quebrado en calle Libertad, el cual no provoc\u00f3 interrupci\u00f3n del suministro.&nbsp;<\/p>\n\n\n\n<ul class=\"wp-block-list\"><li>EDELMAG lamenta los inconvenientes provocados por esta situaci\u00f3n, y asegura que se han&nbsp;dispuesto inmediato todos los medios t\u00e9cnicos y humanos para el restablecimiento total de la energ\u00eda en el menor tiempo posible. Adem\u00e1s, hace un llamado a que los clientes tomen las precauciones necesarias, para impedir que elementos extra\u00f1os lleguen hasta las l\u00edneas el\u00e9ctricas.<\/li><\/ul>\n\n\n\n<ul class=\"wp-block-list\"><li>Se reitera que se encuentra disponible el Fono Clientes 600 6200 100 y la cuenta twitter @edelmag_sos, para atender consultas y requerimientos. Para una atenci\u00f3n m\u00e1s expedita, es importante que tengan a mano su n\u00famero de cliente que se encuentra impreso en la parte superior de la boleta.<\/li><\/ul>\n","protected":false},"excerpt":{"rendered":"<p>En relaci\u00f3n al comportamiento del sistema el\u00e9ctrico de Punta Arenas y Puerto Natales, durante el temporal de viento que durante esta jornada afecta a ambas ciudades, la Empresa El\u00e9ctrica de&#8230; <a class=\"read-more\" href=\"https:\/\/www.radiopresidenteibanez.cl\/web\/edelmag-informa-sobre-los-distintos-cortes-de-suministro-que-afecto-a-punta-arenas-y-puerto-natales\/\">Leer m\u00e1s<\/a><\/p>\n","protected":false},"author":2,"featured_media":714,"comment_status":"closed","ping_status":"closed","sticky":false,"template":"","format":"standard","meta":{"footnotes":""},"categories":[1],"tags":[],"class_list":["post-9443","post","type-post","status-publish","format-standard","has-post-thumbnail","hentry","category-cronica"],"_links":{"self":[{"href":"https:\/\/www.radiopresidenteibanez.cl\/web\/wp-json\/wp\/v2\/posts\/9443","targetHints":{"allow":["GET"]}}],"collection":[{"href":"https:\/\/www.radiopresidenteibanez.cl\/web\/wp-json\/wp\/v2\/posts"}],"about":[{"href":"https:\/\/www.radiopresidenteibanez.cl\/web\/wp-json\/wp\/v2\/types\/post"}],"author":[{"embeddable":true,"href":"https:\/\/www.radiopresidenteibanez.cl\/web\/wp-json\/wp\/v2\/users\/2"}],"replies":[{"embeddable":true,"href":"https:\/\/www.radiopresidenteibanez.cl\/web\/wp-json\/wp\/v2\/comments?post=9443"}],"version-history":[{"count":0,"href":"https:\/\/www.radiopresidenteibanez.cl\/web\/wp-json\/wp\/v2\/posts\/9443\/revisions"}],"wp:featuredmedia":[{"embeddable":true,"href":"https:\/\/www.radiopresidenteibanez.cl\/web\/wp-json\/wp\/v2\/media\/714"}],"wp:attachment":[{"href":"https:\/\/www.radiopresidenteibanez.cl\/web\/wp-json\/wp\/v2\/media?parent=9443"}],"wp:term":[{"taxonomy":"category","embeddable":true,"href":"https:\/\/www.radiopresidenteibanez.cl\/web\/wp-json\/wp\/v2\/categories?post=9443"},{"taxonomy":"post_tag","embeddable":true,"href":"https:\/\/www.radiopresidenteibanez.cl\/web\/wp-json\/wp\/v2\/tags?post=9443"}],"curies":[{"name":"wp","href":"https:\/\/api.w.org\/{rel}","templated":true}]}}