{"id":9439,"date":"2020-01-30T19:37:51","date_gmt":"2020-01-30T19:37:51","guid":{"rendered":"https:\/\/www.radiopresidenteibanez.cl\/web\/?p=9439"},"modified":"2020-01-30T19:37:54","modified_gmt":"2020-01-30T19:37:54","slug":"generacion-retro-se-viene-la-primera-fiesta-retro-del-ano-patrocinada-por-radio-constelacion","status":"publish","type":"post","link":"https:\/\/www.radiopresidenteibanez.cl\/web\/generacion-retro-se-viene-la-primera-fiesta-retro-del-ano-patrocinada-por-radio-constelacion\/","title":{"rendered":"\u201cGENERACI\u00d3N RETRO\u201d SE VIENE LA PRIMERA FIESTA RETRO DEL A\u00d1O PATROCINADA POR RADIO CONSTELACI\u00d3N"},"content":{"rendered":"\n<p>Uno de los imperdibles de este\nfin de semana ser\u00e1 la fiesta<strong><em> Generaci\u00f3n Retro <\/em><\/strong>patrocinada por Radio\nConstelaci\u00f3n &nbsp;y su programa Generaci\u00f3n\nRetro, conducido por Mauricio Otey.<\/p>\n\n\n\n<p>La cita es este s\u00e1bado 1 de febrero\ndesde las 22,00 horas en el tradicional sal\u00f3n de la 7ma. Compa\u00f1\u00eda de Bomberos\nubicada en calle Angamos N\u00b0401. Tal cual lo hace en su programa radial \u2013 que\nlleva m\u00e1s de 20 a\u00f1os al aire \u2013 Otey amenizar\u00e1 a jornada junto otros Dj invitados\ncomo Gabriel Figueroa eximio exponente de la m\u00fasica ochentera. <\/p>\n\n\n\n<p>\u201cEstas fiestas son producidas\nespecialmente para el p\u00fablico que disfruta de los \u00e9xitos de los 70, 80 y 90 en\nmateria de moda y m\u00fasica, tanto anglo como los cl\u00e1sicos del Rock Latino\u201d,\ncoment\u00f3 el conductor radial.<\/p>\n\n\n\n<p>Gran cantidad de seguidores tiene\nel programa, que contin\u00faa al aire gracias al apoyo de la audiencia magall\u00e1nica\nesta vez a trav\u00e9s del 89.3 de la frecuencia modulada (FM). \u201cEste programa sali\u00f3\nal aire en 1997, debido al gran inter\u00e9s que hab\u00eda de la audiencia por recordar\nlos hits de otras \u00e9pocas\u2026\u201d recuerda Otey.<\/p>\n\n\n\n<p>Junto la mejor m\u00fasica y los\nvideos de la \u00e9poca, en este inicio de temporada del programa 2020, los\nasistentes podr\u00e1n disfrutar de divertidos concursos para dejar la pista de\nbaile con alg\u00fan regalo&nbsp; que llevar de\nrecuerdo del primer encuentro de los \u201clolosaurios\u201d de este a\u00f1o.<\/p>\n\n\n\n<p>En un ambiente ochentero, los\nasistentes se encontrar\u00e1n con lo mejor de la m\u00fasica de la \u00e9poca y por supuesto\nvolver\u00e1n los lentos que marcaron a toda una generaci\u00f3n. Las entradas se pueden\nsolicitar en el +569 52070474. Pre venta $3.000.<\/p>\n","protected":false},"excerpt":{"rendered":"<p>Uno de los imperdibles de este fin de semana ser\u00e1 la fiesta Generaci\u00f3n Retro patrocinada por Radio Constelaci\u00f3n &nbsp;y su programa Generaci\u00f3n Retro, conducido por Mauricio Otey. La cita es&#8230; <a class=\"read-more\" href=\"https:\/\/www.radiopresidenteibanez.cl\/web\/generacion-retro-se-viene-la-primera-fiesta-retro-del-ano-patrocinada-por-radio-constelacion\/\">Leer m\u00e1s<\/a><\/p>\n","protected":false},"author":2,"featured_media":9440,"comment_status":"closed","ping_status":"closed","sticky":false,"template":"","format":"standard","meta":{"footnotes":""},"categories":[4],"tags":[],"class_list":["post-9439","post","type-post","status-publish","format-standard","has-post-thumbnail","hentry","category-entretenimiento-y-cultura"],"_links":{"self":[{"href":"https:\/\/www.radiopresidenteibanez.cl\/web\/wp-json\/wp\/v2\/posts\/9439","targetHints":{"allow":["GET"]}}],"collection":[{"href":"https:\/\/www.radiopresidenteibanez.cl\/web\/wp-json\/wp\/v2\/posts"}],"about":[{"href":"https:\/\/www.radiopresidenteibanez.cl\/web\/wp-json\/wp\/v2\/types\/post"}],"author":[{"embeddable":true,"href":"https:\/\/www.radiopresidenteibanez.cl\/web\/wp-json\/wp\/v2\/users\/2"}],"replies":[{"embeddable":true,"href":"https:\/\/www.radiopresidenteibanez.cl\/web\/wp-json\/wp\/v2\/comments?post=9439"}],"version-history":[{"count":0,"href":"https:\/\/www.radiopresidenteibanez.cl\/web\/wp-json\/wp\/v2\/posts\/9439\/revisions"}],"wp:featuredmedia":[{"embeddable":true,"href":"https:\/\/www.radiopresidenteibanez.cl\/web\/wp-json\/wp\/v2\/media\/9440"}],"wp:attachment":[{"href":"https:\/\/www.radiopresidenteibanez.cl\/web\/wp-json\/wp\/v2\/media?parent=9439"}],"wp:term":[{"taxonomy":"category","embeddable":true,"href":"https:\/\/www.radiopresidenteibanez.cl\/web\/wp-json\/wp\/v2\/categories?post=9439"},{"taxonomy":"post_tag","embeddable":true,"href":"https:\/\/www.radiopresidenteibanez.cl\/web\/wp-json\/wp\/v2\/tags?post=9439"}],"curies":[{"name":"wp","href":"https:\/\/api.w.org\/{rel}","templated":true}]}}