{"id":9433,"date":"2020-01-30T19:27:10","date_gmt":"2020-01-30T19:27:10","guid":{"rendered":"https:\/\/www.radiopresidenteibanez.cl\/web\/?p=9433"},"modified":"2020-01-30T19:27:13","modified_gmt":"2020-01-30T19:27:13","slug":"exitoso-inicio-de-la-expo-feria-de-artesania-y-fomento-natales-2020","status":"publish","type":"post","link":"https:\/\/www.radiopresidenteibanez.cl\/web\/exitoso-inicio-de-la-expo-feria-de-artesania-y-fomento-natales-2020\/","title":{"rendered":"EXITOSO INICIO DE LA EXPO FERIA DE ARTESAN\u00cdA Y FOMENTO NATALES 2020"},"content":{"rendered":"\n<p>En el frontis del Pueblo\nArtesanal \u201cEtherh Aike\u201d y en la Plaza 27 de Abril, se est\u00e1 desarrollando\ndurante 5 d\u00edas la Expo Feria de Artesan\u00eda y Fomento Natales 2020. En sus\nprimeros dos d\u00edas, la feria cont\u00f3 con la destacada participaci\u00f3n de la\nagrupaci\u00f3n \u201cEsencias de mi tierra\u201d, \u201cCataclismo\u201d y el humorista \u201cEl Rolo\u201d.<\/p>\n\n\n\n<p>La iniciativa organizada por la\nagrupaci\u00f3n de artesanos y la Ilustre Municipalidad de Natales, cuenta con m\u00e1s\nde 50 stands disponibles para emprendedores natalinos, cociner\u00edas y un\nescenario para la presentaci\u00f3n de charlas motivacionales y diversos grupos\nart\u00edsticos.<\/p>\n\n\n\n<p>Para el alcalde de la comuna,\nFernando Paredes Mansilla, esta iniciativa permite generar actividades\nentretenidas para los vecinos y entrega apoyo directo a las pymes natalinas.\n\u201cLa realizaci\u00f3n de esta Expo Feria de Artesan\u00eda y Fomento&nbsp; genera un gran movimiento en Natales. La\ncreaci\u00f3n de eventos de verano nos permite atraer turistas de toda la regi\u00f3n a\nnuestra ciudad, ayudando directamente a nuestros emprendedores locales. Adem\u00e1s,\nnos permite entregar un lindo panorama de verano para nuestros vecinos, sin\ntener la obligaci\u00f3n de tener que salir de la regi\u00f3n. Siendo esto un gran apoyo\npara su bolsillo\u201d.<\/p>\n\n\n\n<p>Asimismo, el edil destac\u00f3 el\ntrabajo que se ha realizado previamente junto a la organizaci\u00f3n para entregar\nun espect\u00e1culo de calidad a cada uno de los vecinos de Natales y las personas\nque visitan la expo feria.<\/p>\n\n\n\n<p>Finalmente, la m\u00e1xima autoridad\ncomunal, aprovech\u00f3 la instancia para invitar a la comunidad a los tres d\u00edas\nrestantes de la expo en el Pueblo Artesanal. \u201cEsto reci\u00e9n comienza, tenemos\nmuchas sorpresas preparadas para todos los que nos visiten. Puerto Natales se\nvive en verano y Magallanes vive el verano en nuestra ciudad. Por eso extiendo\nuna cordial invitaci\u00f3n a los natalinos pero tambi\u00e9n a nuestros vecinos de\nTorres del Paine, Porvenir, Timaukel, Laguna Blanca, Rio verde, San Gregorio,\nPunta Arenas y a todos los que deseen venir. Siempre los estaremos esperando\ncon los brazos abiertos para que disfruten las actividades que tenemos\npreparadas para ustedes\u201d.<\/p>\n\n\n\n<p>La Expo Feria continuar\u00e1 hasta el\ns\u00e1bado 1 de febrero desde las 12 del d\u00eda, quedando tres d\u00edas de talleres para\nla comunidad, implantaci\u00f3n de microchip, charlas para emprendedores y\nespect\u00e1culos art\u00edsticos, destacando la participaci\u00f3n de \u201cLa Maiga\u201d,\n\u201cBurundanga\u201d, Nicol\u00e1s Larra\u00edn y Vicho y las Gaviotas.<\/p>\n","protected":false},"excerpt":{"rendered":"<p>En el frontis del Pueblo Artesanal \u201cEtherh Aike\u201d y en la Plaza 27 de Abril, se est\u00e1 desarrollando durante 5 d\u00edas la Expo Feria de Artesan\u00eda y Fomento Natales 2020&#8230;. <a class=\"read-more\" href=\"https:\/\/www.radiopresidenteibanez.cl\/web\/exitoso-inicio-de-la-expo-feria-de-artesania-y-fomento-natales-2020\/\">Leer m\u00e1s<\/a><\/p>\n","protected":false},"author":2,"featured_media":9434,"comment_status":"closed","ping_status":"closed","sticky":false,"template":"","format":"standard","meta":{"footnotes":""},"categories":[1],"tags":[],"class_list":["post-9433","post","type-post","status-publish","format-standard","has-post-thumbnail","hentry","category-cronica"],"_links":{"self":[{"href":"https:\/\/www.radiopresidenteibanez.cl\/web\/wp-json\/wp\/v2\/posts\/9433","targetHints":{"allow":["GET"]}}],"collection":[{"href":"https:\/\/www.radiopresidenteibanez.cl\/web\/wp-json\/wp\/v2\/posts"}],"about":[{"href":"https:\/\/www.radiopresidenteibanez.cl\/web\/wp-json\/wp\/v2\/types\/post"}],"author":[{"embeddable":true,"href":"https:\/\/www.radiopresidenteibanez.cl\/web\/wp-json\/wp\/v2\/users\/2"}],"replies":[{"embeddable":true,"href":"https:\/\/www.radiopresidenteibanez.cl\/web\/wp-json\/wp\/v2\/comments?post=9433"}],"version-history":[{"count":0,"href":"https:\/\/www.radiopresidenteibanez.cl\/web\/wp-json\/wp\/v2\/posts\/9433\/revisions"}],"wp:featuredmedia":[{"embeddable":true,"href":"https:\/\/www.radiopresidenteibanez.cl\/web\/wp-json\/wp\/v2\/media\/9434"}],"wp:attachment":[{"href":"https:\/\/www.radiopresidenteibanez.cl\/web\/wp-json\/wp\/v2\/media?parent=9433"}],"wp:term":[{"taxonomy":"category","embeddable":true,"href":"https:\/\/www.radiopresidenteibanez.cl\/web\/wp-json\/wp\/v2\/categories?post=9433"},{"taxonomy":"post_tag","embeddable":true,"href":"https:\/\/www.radiopresidenteibanez.cl\/web\/wp-json\/wp\/v2\/tags?post=9433"}],"curies":[{"name":"wp","href":"https:\/\/api.w.org\/{rel}","templated":true}]}}