{"id":9430,"date":"2020-01-30T19:23:24","date_gmt":"2020-01-30T19:23:24","guid":{"rendered":"https:\/\/www.radiopresidenteibanez.cl\/web\/?p=9430"},"modified":"2020-01-30T19:23:27","modified_gmt":"2020-01-30T19:23:27","slug":"campana-elige-vidrio-ha-logrado-reciclar-134-toneladas-en-punta-arenas","status":"publish","type":"post","link":"https:\/\/www.radiopresidenteibanez.cl\/web\/campana-elige-vidrio-ha-logrado-reciclar-134-toneladas-en-punta-arenas\/","title":{"rendered":"CAMPA\u00d1A ELIGE VIDRIO HA LOGRADO RECICLAR 134 TONELADAS EN PUNTA ARENAS"},"content":{"rendered":"\n<p>133 mil 470 kilos de Vidrio han sido retirados y reciclados desde Punta Arenas, gracias a la campa\u00f1a impulsada por la Municipalidad en conjunto con Cristaler\u00edas de Chile y el apoyo de diversas empresas, tales como Cervecer\u00eda Austral, Naviera Transmares y \u00c1reas Verdes.<\/p>\n\n\n\n<p>En total, 4 embarques han sido trasladados hasta el norte del pa\u00eds a trav\u00e9s de la campa\u00f1a Magallanes Elige Vidrio. Actualmente, hay 21 campanas dispuestas en distintos puntos de la ciudad, los cuales son vaciadas dos veces por semana, debido a la alta demanda que hoy tienen.<\/p>\n\n\n\n<p>\u201cEn Punta Arenas no se reciclaba y ten\u00edamos una deuda importante con nuestro entorno, pero con este convenio nos hicimos cargo del Vidrio de la ciudad, y con la certeza que se reutilizar\u00eda, logrando as\u00ed una exitosa campa\u00f1a que ya cumple casi un a\u00f1o desde su inicio en el mes de marzo del 2019\u201d, explic\u00f3 Claudio Radonich, alcalde de Punta Arenas.<\/p>\n\n\n\n<p>\u00abEstamos muy orgullosos de que Magallanes Elige Vidrio siga consolid\u00e1ndose en Punta Arenas, rompiendo paradigmas como la red de reciclaje m\u00e1s austral del mundo. Seguimos trabajando para consolidar nuestra red de reciclaje de vidrio en todo Chile y sin duda, el exitoso caso de Punta Arenas, nos entrega energ\u00edas para lograr nuestro sue\u00f1o de que ning\u00fan envase de vidrio vaya a la basura\u00bb, coment\u00f3 Isidora Mas, vocera de Elige Vidrio y Jefa de Marketing de Cristaler\u00edas de Chile.<\/p>\n\n\n\n<p>Esta es la primera red de reciclaje permanente, segura y sostenible de la zona, ya que cuenta con una log\u00edstica constante de traslado hacia la Regi\u00f3n Metropolitana, gracias al apoyo de Transmares, quienes transportan estas campanas adaptadas para las condiciones clim\u00e1ticas y con tecnolog\u00eda para evitar contacto con el vidrio roto, siendo adem\u00e1s sostenible, ya que permite el beneficio de toda la comunidad, generando una ciudad m\u00e1s limpia.<\/p>\n\n\n\n<p>Magallanes Elige Vidrio cuenta con el apoyo de Cervecer\u00eda Austral y la naviera Transmares, la que transporta v\u00eda mar\u00edtima hasta Valpara\u00edso todo lo retirado desde las distintas campanas dispuestas en la ciudad. Desde ah\u00ed, Cristaler\u00edas de Chile lo lleva a su planta recicladora en la comuna de Padre Hurtado, Regi\u00f3n Metropolitana.<\/p>\n","protected":false},"excerpt":{"rendered":"<p>133 mil 470 kilos de Vidrio han sido retirados y reciclados desde Punta Arenas, gracias a la campa\u00f1a impulsada por la Municipalidad en conjunto con Cristaler\u00edas de Chile y el&#8230; <a class=\"read-more\" href=\"https:\/\/www.radiopresidenteibanez.cl\/web\/campana-elige-vidrio-ha-logrado-reciclar-134-toneladas-en-punta-arenas\/\">Leer m\u00e1s<\/a><\/p>\n","protected":false},"author":2,"featured_media":9431,"comment_status":"closed","ping_status":"closed","sticky":false,"template":"","format":"standard","meta":{"footnotes":""},"categories":[1],"tags":[],"class_list":["post-9430","post","type-post","status-publish","format-standard","has-post-thumbnail","hentry","category-cronica"],"_links":{"self":[{"href":"https:\/\/www.radiopresidenteibanez.cl\/web\/wp-json\/wp\/v2\/posts\/9430","targetHints":{"allow":["GET"]}}],"collection":[{"href":"https:\/\/www.radiopresidenteibanez.cl\/web\/wp-json\/wp\/v2\/posts"}],"about":[{"href":"https:\/\/www.radiopresidenteibanez.cl\/web\/wp-json\/wp\/v2\/types\/post"}],"author":[{"embeddable":true,"href":"https:\/\/www.radiopresidenteibanez.cl\/web\/wp-json\/wp\/v2\/users\/2"}],"replies":[{"embeddable":true,"href":"https:\/\/www.radiopresidenteibanez.cl\/web\/wp-json\/wp\/v2\/comments?post=9430"}],"version-history":[{"count":0,"href":"https:\/\/www.radiopresidenteibanez.cl\/web\/wp-json\/wp\/v2\/posts\/9430\/revisions"}],"wp:featuredmedia":[{"embeddable":true,"href":"https:\/\/www.radiopresidenteibanez.cl\/web\/wp-json\/wp\/v2\/media\/9431"}],"wp:attachment":[{"href":"https:\/\/www.radiopresidenteibanez.cl\/web\/wp-json\/wp\/v2\/media?parent=9430"}],"wp:term":[{"taxonomy":"category","embeddable":true,"href":"https:\/\/www.radiopresidenteibanez.cl\/web\/wp-json\/wp\/v2\/categories?post=9430"},{"taxonomy":"post_tag","embeddable":true,"href":"https:\/\/www.radiopresidenteibanez.cl\/web\/wp-json\/wp\/v2\/tags?post=9430"}],"curies":[{"name":"wp","href":"https:\/\/api.w.org\/{rel}","templated":true}]}}