{"id":9427,"date":"2020-01-30T19:20:59","date_gmt":"2020-01-30T19:20:59","guid":{"rendered":"https:\/\/www.radiopresidenteibanez.cl\/web\/?p=9427"},"modified":"2020-01-30T19:21:02","modified_gmt":"2020-01-30T19:21:02","slug":"55-emprendedores-magallanicos-fortalecieron-sus-negocios-a-traves-del-fosis","status":"publish","type":"post","link":"https:\/\/www.radiopresidenteibanez.cl\/web\/55-emprendedores-magallanicos-fortalecieron-sus-negocios-a-traves-del-fosis\/","title":{"rendered":"55 EMPRENDEDORES MAGALL\u00c1NICOS FORTALECIERON SUS NEGOCIOS A TRAV\u00c9S DEL FOSIS"},"content":{"rendered":"\n<p>Diana Ricaute es colombiana y lleg\u00f3 hace 7 a\u00f1os a la regi\u00f3n. Buscando oportunidades encontr\u00f3 en el Fondo de Solidaridad e Inversi\u00f3n Social, FOSIS, la posibilidad de iniciar un emprendimiento en el servicio de belleza y cosm\u00e9tica. Particip\u00f3 en los primeros dos escalones de programas que ofrece esta instituci\u00f3n, donde fue adquiriendo equipamiento e insumos, y gracias a este camino y su esfuerzo, incluso, actualmente da trabajo a otras cuatro personas.<\/p>\n\n\n\n<p>\u201cYa cuento con un local establecido donde trabajamos cuatros ni\u00f1as m\u00e1s. Hacemos depilaci\u00f3n, pesta\u00f1as, cejas, u\u00f1as, tenemos un spa de pies, entonces ahora con este tercer programa de emprendimiento solicit\u00e9 lo que era para mi lo m\u00e1s importante, que era tener la publicidad para las ventanas y un letrero luminoso grande\u2026 que fue como darle identidad al negocio, al local\u201d, se\u00f1ala entusiasta Diana.<\/p>\n\n\n\n<p>Otro caso exitoso es el de Estela Iturriaga. \u201cEstoy muy contenta por lo que he logrado con esto, es un avance m\u00e1s para mi taller de costuras. Estoy agradecida, es algo muy bonito\u201d.&nbsp;<\/p>\n\n\n\n<p>La Secretaria Regional Ministerial de Desarrollo Social y Familia, Liz Casanueva, explic\u00f3 que esta iniciativa \u201cles permiti\u00f3 acceder a varios talleres que tienen que ver con educaci\u00f3n financiera, el poder desarrollar mejor sus productos, venderlos y aumentar su productividad y sus ventas, que es lo que perseguimos como objetivo general. Queremos que la calidad de vida de estas familias se vean mejoradas econ\u00f3micamente y sabemos que estos emprendimientos parten a nivel familiar, donde no est\u00e1 s\u00f3lo involucrado un miembro de la familia, sino que todo un grupo familiar trabajando para poder desarrollar estos emprendimientos\u201d.<\/p>\n\n\n\n<p>Por su parte, la directora regional (s) del FOSIS, Carla Cifuentes, se\u00f1al\u00f3 que \u201ceste es el \u00faltimo nivel de los programas que ofrece el servicio para los emprendedores, a trav\u00e9s del cual los usuarios que se encuentran con un negocio fortalecido, que se dedican la mayor parte del tiempo a ese emprendimiento y que aportan la mayor cantidad de ingreso a su grupo familiar son los que llegan a este programa. Personas que tienen proyecci\u00f3n de formalizarse, consolidarse y de vivir de este emprendimiento. Tenemos varios ejemplos de usuarios que est\u00e1n presentes que han dado el salto, se han establecido con un local, se han fortalecido, lo que les permite acceder a la oferta que ofrecen servicios como Sercotec y Corfo\u201d.<\/p>\n\n\n\n<p>En la ceremonia de cierre del programa, los emprendedores recibieron el certificado de participaci\u00f3n de manos de la Seremi de Desarrollo Social y Familia, Liz Casanueva, del Seremi (s) de Gobierno, Fabi\u00e1n Mella, y de la directora regional (s) del FOSIS, Carla Cifuentes.<\/p>\n\n\n\n<p>En total fueron 55 los usuarios y usuarias que participaron, durante 10 meses, en talleres de capacitaci\u00f3n, asesor\u00eda comercial y capital semilla, lo que signific\u00f3 una inversi\u00f3n que super\u00f3 los 48 millones de pesos, iniciativa ejecutada por la consultora Brunswick.<\/p>\n","protected":false},"excerpt":{"rendered":"<p>Diana Ricaute es colombiana y lleg\u00f3 hace 7 a\u00f1os a la regi\u00f3n. Buscando oportunidades encontr\u00f3 en el Fondo de Solidaridad e Inversi\u00f3n Social, FOSIS, la posibilidad de iniciar un emprendimiento&#8230; <a class=\"read-more\" href=\"https:\/\/www.radiopresidenteibanez.cl\/web\/55-emprendedores-magallanicos-fortalecieron-sus-negocios-a-traves-del-fosis\/\">Leer m\u00e1s<\/a><\/p>\n","protected":false},"author":2,"featured_media":9428,"comment_status":"closed","ping_status":"closed","sticky":false,"template":"","format":"standard","meta":{"footnotes":""},"categories":[1],"tags":[],"class_list":["post-9427","post","type-post","status-publish","format-standard","has-post-thumbnail","hentry","category-cronica"],"_links":{"self":[{"href":"https:\/\/www.radiopresidenteibanez.cl\/web\/wp-json\/wp\/v2\/posts\/9427","targetHints":{"allow":["GET"]}}],"collection":[{"href":"https:\/\/www.radiopresidenteibanez.cl\/web\/wp-json\/wp\/v2\/posts"}],"about":[{"href":"https:\/\/www.radiopresidenteibanez.cl\/web\/wp-json\/wp\/v2\/types\/post"}],"author":[{"embeddable":true,"href":"https:\/\/www.radiopresidenteibanez.cl\/web\/wp-json\/wp\/v2\/users\/2"}],"replies":[{"embeddable":true,"href":"https:\/\/www.radiopresidenteibanez.cl\/web\/wp-json\/wp\/v2\/comments?post=9427"}],"version-history":[{"count":0,"href":"https:\/\/www.radiopresidenteibanez.cl\/web\/wp-json\/wp\/v2\/posts\/9427\/revisions"}],"wp:featuredmedia":[{"embeddable":true,"href":"https:\/\/www.radiopresidenteibanez.cl\/web\/wp-json\/wp\/v2\/media\/9428"}],"wp:attachment":[{"href":"https:\/\/www.radiopresidenteibanez.cl\/web\/wp-json\/wp\/v2\/media?parent=9427"}],"wp:term":[{"taxonomy":"category","embeddable":true,"href":"https:\/\/www.radiopresidenteibanez.cl\/web\/wp-json\/wp\/v2\/categories?post=9427"},{"taxonomy":"post_tag","embeddable":true,"href":"https:\/\/www.radiopresidenteibanez.cl\/web\/wp-json\/wp\/v2\/tags?post=9427"}],"curies":[{"name":"wp","href":"https:\/\/api.w.org\/{rel}","templated":true}]}}