{"id":9424,"date":"2020-01-30T19:19:26","date_gmt":"2020-01-30T19:19:26","guid":{"rendered":"https:\/\/www.radiopresidenteibanez.cl\/web\/?p=9424"},"modified":"2020-01-30T19:19:29","modified_gmt":"2020-01-30T19:19:29","slug":"durante-colonias-de-verano-aguas-magallanes-compartio-de-forma-entretenida-como-produce-agua-potable","status":"publish","type":"post","link":"https:\/\/www.radiopresidenteibanez.cl\/web\/durante-colonias-de-verano-aguas-magallanes-compartio-de-forma-entretenida-como-produce-agua-potable\/","title":{"rendered":"DURANTE COLONIAS DE VERANO: AGUAS MAGALLANES COMPARTI\u00d3 DE FORMA ENTRETENIDA C\u00d3MO PRODUCE AGUA POTABLE"},"content":{"rendered":"\n<p>Respondiendo a la invitaci\u00f3n de participar en las Colonias de Verano, realizada por la Direcci\u00f3n de Desarrollo Comunitario de la Ilustre Municipalidad de Punta Arenas, durante la jornada de hoy jueves (30 de enero) ni\u00f1os y ni\u00f1as pudieron conocer &nbsp;interesantes aspectos del proceso de producci\u00f3n del agua potable y consejos para su uso eficiente.<\/p>\n\n\n\n<p>&nbsp;\u201cPara Aguas Magallanes es muy importante estar presente en estas instancias por varias razones: sabemos lo importante que es para los pap\u00e1s contar con actividades recreativas y educativas durante las vacaciones de sus hijos (as) y por otra parte, es muy valioso para nosotros como empresa, mostrar y difundir lo que hacemos de manera educativa. As\u00ed, generamos mayor conciencia en relaci\u00f3n al trabajo que realizamos, para la vida y desarrollo de las personas. Sin duda los m\u00e1s peque\u00f1os son excelentes embajadores para el cuidado de este vital recurso\u201d, coment\u00f3 Christian Adema Galetovic, gerente regional de Aguas Magallanes.<\/p>\n","protected":false},"excerpt":{"rendered":"<p>Respondiendo a la invitaci\u00f3n de participar en las Colonias de Verano, realizada por la Direcci\u00f3n de Desarrollo Comunitario de la Ilustre Municipalidad de Punta Arenas, durante la jornada de hoy&#8230; <a class=\"read-more\" href=\"https:\/\/www.radiopresidenteibanez.cl\/web\/durante-colonias-de-verano-aguas-magallanes-compartio-de-forma-entretenida-como-produce-agua-potable\/\">Leer m\u00e1s<\/a><\/p>\n","protected":false},"author":2,"featured_media":9425,"comment_status":"closed","ping_status":"closed","sticky":false,"template":"","format":"standard","meta":{"footnotes":""},"categories":[1],"tags":[],"class_list":["post-9424","post","type-post","status-publish","format-standard","has-post-thumbnail","hentry","category-cronica"],"_links":{"self":[{"href":"https:\/\/www.radiopresidenteibanez.cl\/web\/wp-json\/wp\/v2\/posts\/9424","targetHints":{"allow":["GET"]}}],"collection":[{"href":"https:\/\/www.radiopresidenteibanez.cl\/web\/wp-json\/wp\/v2\/posts"}],"about":[{"href":"https:\/\/www.radiopresidenteibanez.cl\/web\/wp-json\/wp\/v2\/types\/post"}],"author":[{"embeddable":true,"href":"https:\/\/www.radiopresidenteibanez.cl\/web\/wp-json\/wp\/v2\/users\/2"}],"replies":[{"embeddable":true,"href":"https:\/\/www.radiopresidenteibanez.cl\/web\/wp-json\/wp\/v2\/comments?post=9424"}],"version-history":[{"count":0,"href":"https:\/\/www.radiopresidenteibanez.cl\/web\/wp-json\/wp\/v2\/posts\/9424\/revisions"}],"wp:featuredmedia":[{"embeddable":true,"href":"https:\/\/www.radiopresidenteibanez.cl\/web\/wp-json\/wp\/v2\/media\/9425"}],"wp:attachment":[{"href":"https:\/\/www.radiopresidenteibanez.cl\/web\/wp-json\/wp\/v2\/media?parent=9424"}],"wp:term":[{"taxonomy":"category","embeddable":true,"href":"https:\/\/www.radiopresidenteibanez.cl\/web\/wp-json\/wp\/v2\/categories?post=9424"},{"taxonomy":"post_tag","embeddable":true,"href":"https:\/\/www.radiopresidenteibanez.cl\/web\/wp-json\/wp\/v2\/tags?post=9424"}],"curies":[{"name":"wp","href":"https:\/\/api.w.org\/{rel}","templated":true}]}}