{"id":9421,"date":"2020-01-30T19:13:49","date_gmt":"2020-01-30T19:13:49","guid":{"rendered":"https:\/\/www.radiopresidenteibanez.cl\/web\/?p=9421"},"modified":"2020-01-30T19:13:52","modified_gmt":"2020-01-30T19:13:52","slug":"viento-afecto-a-vehiculos-camino-a-torres-del-paine","status":"publish","type":"post","link":"https:\/\/www.radiopresidenteibanez.cl\/web\/viento-afecto-a-vehiculos-camino-a-torres-del-paine\/","title":{"rendered":"VIENTO AFECT\u00d3 A VEH\u00cdCULOS CAMINO A TORRES DEL PAINE"},"content":{"rendered":"\n<p>Se llama a tener precauci\u00f3n al circular en el sector Las Mellizas y Pudeto en \u00daltima Esperanza, esto debido a las fuertes r\u00e1fagas de vientos sobre todo a quienes deseen ir a Salto Grande, eso si se recomiendo no transitar por el lugar.<\/p>\n\n\n\n<p>En el estacionamiento ubicado en el sector de Pudeto, varios veh\u00edculos se han visto afectados por el viento en sus vidrios o autos tumbados.<\/p>\n","protected":false},"excerpt":{"rendered":"<p>Se llama a tener precauci\u00f3n al circular en el sector Las Mellizas y Pudeto en \u00daltima Esperanza, esto debido a las fuertes r\u00e1fagas de vientos sobre todo a quienes deseen&#8230; <a class=\"read-more\" href=\"https:\/\/www.radiopresidenteibanez.cl\/web\/viento-afecto-a-vehiculos-camino-a-torres-del-paine\/\">Leer m\u00e1s<\/a><\/p>\n","protected":false},"author":2,"featured_media":9422,"comment_status":"closed","ping_status":"closed","sticky":false,"template":"","format":"standard","meta":{"footnotes":""},"categories":[1],"tags":[],"class_list":["post-9421","post","type-post","status-publish","format-standard","has-post-thumbnail","hentry","category-cronica"],"_links":{"self":[{"href":"https:\/\/www.radiopresidenteibanez.cl\/web\/wp-json\/wp\/v2\/posts\/9421","targetHints":{"allow":["GET"]}}],"collection":[{"href":"https:\/\/www.radiopresidenteibanez.cl\/web\/wp-json\/wp\/v2\/posts"}],"about":[{"href":"https:\/\/www.radiopresidenteibanez.cl\/web\/wp-json\/wp\/v2\/types\/post"}],"author":[{"embeddable":true,"href":"https:\/\/www.radiopresidenteibanez.cl\/web\/wp-json\/wp\/v2\/users\/2"}],"replies":[{"embeddable":true,"href":"https:\/\/www.radiopresidenteibanez.cl\/web\/wp-json\/wp\/v2\/comments?post=9421"}],"version-history":[{"count":0,"href":"https:\/\/www.radiopresidenteibanez.cl\/web\/wp-json\/wp\/v2\/posts\/9421\/revisions"}],"wp:featuredmedia":[{"embeddable":true,"href":"https:\/\/www.radiopresidenteibanez.cl\/web\/wp-json\/wp\/v2\/media\/9422"}],"wp:attachment":[{"href":"https:\/\/www.radiopresidenteibanez.cl\/web\/wp-json\/wp\/v2\/media?parent=9421"}],"wp:term":[{"taxonomy":"category","embeddable":true,"href":"https:\/\/www.radiopresidenteibanez.cl\/web\/wp-json\/wp\/v2\/categories?post=9421"},{"taxonomy":"post_tag","embeddable":true,"href":"https:\/\/www.radiopresidenteibanez.cl\/web\/wp-json\/wp\/v2\/tags?post=9421"}],"curies":[{"name":"wp","href":"https:\/\/api.w.org\/{rel}","templated":true}]}}