{"id":9418,"date":"2020-01-30T17:23:23","date_gmt":"2020-01-30T17:23:23","guid":{"rendered":"https:\/\/www.radiopresidenteibanez.cl\/web\/?p=9418"},"modified":"2020-01-30T17:23:25","modified_gmt":"2020-01-30T17:23:25","slug":"motociclista-estadounidense-perdio-la-vida-en-ruta-que-une-punta-arenas-con-puerto-natales","status":"publish","type":"post","link":"https:\/\/www.radiopresidenteibanez.cl\/web\/motociclista-estadounidense-perdio-la-vida-en-ruta-que-une-punta-arenas-con-puerto-natales\/","title":{"rendered":"MOTOCICLISTA ESTADOUNIDENSE PERDI\u00d3 LA VIDA EN RUTA QUE UNE PUNTA ARENAS CON PUERTO NATALES"},"content":{"rendered":"\n<p>Cerca de las 10:00 horas de esta ma\u00f1ana, personal de Carabineros\nde la Subcomisaria de Casas Viejas, se traslad\u00f3 hasta el kil\u00f3metro 177 de la\nruta 9 norte que une Punta Arenas con Puerto Natales, en la oportunidad un\nhombre de 75 a\u00f1os con nacionalidad estadounidense, perdi\u00f3 el control del m\u00f3vil estrell\u00e1ndose\ny falleciendo de manera inmediata en el lugar.<\/p>\n\n\n\n<p>La declaraci\u00f3n de motoristas extranjeros que lo acompa\u00f1aban,\nse\u00f1al\u00f3 que el viento existente habr\u00eda provocado la p\u00e9rdida de control.<\/p>\n\n\n\n<p>De acuerdo a lo ocurrido, el Fiscal de turno orden\u00f3 que\nconcurriera SIAT de Carabineros y se inform\u00f3 que no hubo corte de ruta.<\/p>\n","protected":false},"excerpt":{"rendered":"<p>Cerca de las 10:00 horas de esta ma\u00f1ana, personal de Carabineros de la Subcomisaria de Casas Viejas, se traslad\u00f3 hasta el kil\u00f3metro 177 de la ruta 9 norte que une&#8230; <a class=\"read-more\" href=\"https:\/\/www.radiopresidenteibanez.cl\/web\/motociclista-estadounidense-perdio-la-vida-en-ruta-que-une-punta-arenas-con-puerto-natales\/\">Leer m\u00e1s<\/a><\/p>\n","protected":false},"author":2,"featured_media":9419,"comment_status":"closed","ping_status":"closed","sticky":false,"template":"","format":"standard","meta":{"footnotes":""},"categories":[1],"tags":[],"class_list":["post-9418","post","type-post","status-publish","format-standard","has-post-thumbnail","hentry","category-cronica"],"_links":{"self":[{"href":"https:\/\/www.radiopresidenteibanez.cl\/web\/wp-json\/wp\/v2\/posts\/9418","targetHints":{"allow":["GET"]}}],"collection":[{"href":"https:\/\/www.radiopresidenteibanez.cl\/web\/wp-json\/wp\/v2\/posts"}],"about":[{"href":"https:\/\/www.radiopresidenteibanez.cl\/web\/wp-json\/wp\/v2\/types\/post"}],"author":[{"embeddable":true,"href":"https:\/\/www.radiopresidenteibanez.cl\/web\/wp-json\/wp\/v2\/users\/2"}],"replies":[{"embeddable":true,"href":"https:\/\/www.radiopresidenteibanez.cl\/web\/wp-json\/wp\/v2\/comments?post=9418"}],"version-history":[{"count":0,"href":"https:\/\/www.radiopresidenteibanez.cl\/web\/wp-json\/wp\/v2\/posts\/9418\/revisions"}],"wp:featuredmedia":[{"embeddable":true,"href":"https:\/\/www.radiopresidenteibanez.cl\/web\/wp-json\/wp\/v2\/media\/9419"}],"wp:attachment":[{"href":"https:\/\/www.radiopresidenteibanez.cl\/web\/wp-json\/wp\/v2\/media?parent=9418"}],"wp:term":[{"taxonomy":"category","embeddable":true,"href":"https:\/\/www.radiopresidenteibanez.cl\/web\/wp-json\/wp\/v2\/categories?post=9418"},{"taxonomy":"post_tag","embeddable":true,"href":"https:\/\/www.radiopresidenteibanez.cl\/web\/wp-json\/wp\/v2\/tags?post=9418"}],"curies":[{"name":"wp","href":"https:\/\/api.w.org\/{rel}","templated":true}]}}