{"id":9400,"date":"2020-01-29T19:42:37","date_gmt":"2020-01-29T19:42:37","guid":{"rendered":"https:\/\/www.radiopresidenteibanez.cl\/web\/?p=9400"},"modified":"2020-01-29T19:42:40","modified_gmt":"2020-01-29T19:42:40","slug":"senador-bianchi-oficio-a-la-direccion-de-aeronautica-para-que-instruya-a-lineas-aereas-la-entrega-de-mascarillas-en-vuelos-comerciales-cuando-sean-requeridas-por-pasajeros","status":"publish","type":"post","link":"https:\/\/www.radiopresidenteibanez.cl\/web\/senador-bianchi-oficio-a-la-direccion-de-aeronautica-para-que-instruya-a-lineas-aereas-la-entrega-de-mascarillas-en-vuelos-comerciales-cuando-sean-requeridas-por-pasajeros\/","title":{"rendered":"SENADOR BIANCHI OFICI\u00d3 A LA DIRECCI\u00d3N DE AERON\u00c1UTICA PARA QUE INSTRUYA A L\u00cdNEAS A\u00c9REAS LA ENTREGA DE MASCARILLAS EN VUELOS COMERCIALES CUANDO SEAN REQUERIDAS POR PASAJEROS"},"content":{"rendered":"\n<p>En\noficio dirigido al General de Aviaci\u00f3n,\nV\u00edctor Villalobos Collao, Director General de Aeron\u00e1utica Civil el senador de\nMagallanes Carlos Bianchi solicit\u00f3 que dicha instancia instruya a l\u00edneas\na\u00e9reas la entrega de mascarillas en vuelos comerciales cuando sean requeridas\npor pasajeros.<\/p>\n\n\n\n<p>En particular el parlamentario explic\u00f3 que \u201cDiversas son\nlas medidas que se est\u00e1n adoptando a nivel global producto de una infecci\u00f3n\npulmonar viral denominada \u201ccoronavirus\u201d que tendr\u00eda su origen en China y ante\nlo cual los organismos de salud se mantienen vigilante y atentos e inclusive se\neval\u00faa un estado de alerta, a lo que se han sumado controles selectivos en el\naeropuerto internacional de Santiago.\u201d<\/p>\n\n\n\n<p>Bianchi puntualiz\u00f3 que en el caso de nuestro pa\u00eds y en\nparticular, en la regi\u00f3n de Magallanes y Ant\u00e1rtica Chilena, en temporadas\nestivales o de alta demanda tur\u00edstica se produce el arribo de un importante\nn\u00famero de turistas extranjeros, siendo uno de los principales medios de\ntransportes para llegar al territorio austral, el a\u00e9reo comercial.<\/p>\n\n\n\n<p>Es en ese contexto que se solicit\u00f3 a la DGAC hacer uso de\nsus atribuciones para que las aerol\u00edneas comerciales que operan en el pa\u00eds, \u201cde\nser necesario, se intensifiquen los lineamientos de la Organizaci\u00f3n de Aviaci\u00f3n\nCivil Internacional, establecidos en el Manual de Medicina Aeron\u00e1utica, en\nparticular los referido a Enfermedades Transmisibles en el transporte a\u00e9reo\ninternacional. Disponiendo de una mayor cantidad de mascarillas faciales para\nlos pasajeros que lo requieran. Dijo Bianchi.<\/p>\n\n\n\n<p>Lo anterior, a\u00f1adi\u00f3 el parlamentario, en el entendido que\nen la actualidad existe una normativa que establece ciertos m\u00ednimos de\nmascarillas en aeronaves comerciales, sin embargo, no estar\u00edan acordes a una\neventual situaci\u00f3n de alerta sanitaria o ha requerimiento libre de pasajeros.<\/p>\n","protected":false},"excerpt":{"rendered":"<p>En oficio dirigido al General de Aviaci\u00f3n, V\u00edctor Villalobos Collao, Director General de Aeron\u00e1utica Civil el senador de Magallanes Carlos Bianchi solicit\u00f3 que dicha instancia instruya a l\u00edneas a\u00e9reas la&#8230; <a class=\"read-more\" href=\"https:\/\/www.radiopresidenteibanez.cl\/web\/senador-bianchi-oficio-a-la-direccion-de-aeronautica-para-que-instruya-a-lineas-aereas-la-entrega-de-mascarillas-en-vuelos-comerciales-cuando-sean-requeridas-por-pasajeros\/\">Leer m\u00e1s<\/a><\/p>\n","protected":false},"author":2,"featured_media":1915,"comment_status":"closed","ping_status":"closed","sticky":false,"template":"","format":"standard","meta":{"footnotes":""},"categories":[1],"tags":[],"class_list":["post-9400","post","type-post","status-publish","format-standard","has-post-thumbnail","hentry","category-cronica"],"_links":{"self":[{"href":"https:\/\/www.radiopresidenteibanez.cl\/web\/wp-json\/wp\/v2\/posts\/9400","targetHints":{"allow":["GET"]}}],"collection":[{"href":"https:\/\/www.radiopresidenteibanez.cl\/web\/wp-json\/wp\/v2\/posts"}],"about":[{"href":"https:\/\/www.radiopresidenteibanez.cl\/web\/wp-json\/wp\/v2\/types\/post"}],"author":[{"embeddable":true,"href":"https:\/\/www.radiopresidenteibanez.cl\/web\/wp-json\/wp\/v2\/users\/2"}],"replies":[{"embeddable":true,"href":"https:\/\/www.radiopresidenteibanez.cl\/web\/wp-json\/wp\/v2\/comments?post=9400"}],"version-history":[{"count":0,"href":"https:\/\/www.radiopresidenteibanez.cl\/web\/wp-json\/wp\/v2\/posts\/9400\/revisions"}],"wp:featuredmedia":[{"embeddable":true,"href":"https:\/\/www.radiopresidenteibanez.cl\/web\/wp-json\/wp\/v2\/media\/1915"}],"wp:attachment":[{"href":"https:\/\/www.radiopresidenteibanez.cl\/web\/wp-json\/wp\/v2\/media?parent=9400"}],"wp:term":[{"taxonomy":"category","embeddable":true,"href":"https:\/\/www.radiopresidenteibanez.cl\/web\/wp-json\/wp\/v2\/categories?post=9400"},{"taxonomy":"post_tag","embeddable":true,"href":"https:\/\/www.radiopresidenteibanez.cl\/web\/wp-json\/wp\/v2\/tags?post=9400"}],"curies":[{"name":"wp","href":"https:\/\/api.w.org\/{rel}","templated":true}]}}