{"id":9397,"date":"2020-01-29T19:40:55","date_gmt":"2020-01-29T19:40:55","guid":{"rendered":"https:\/\/www.radiopresidenteibanez.cl\/web\/?p=9397"},"modified":"2020-01-29T19:40:58","modified_gmt":"2020-01-29T19:40:58","slug":"san-gregorio-participo-de-inedito-dialogo-ciudadano-del-minvu-que-se-realizo-en-simultaneo-en-todo-chile","status":"publish","type":"post","link":"https:\/\/www.radiopresidenteibanez.cl\/web\/san-gregorio-participo-de-inedito-dialogo-ciudadano-del-minvu-que-se-realizo-en-simultaneo-en-todo-chile\/","title":{"rendered":"SAN GREGORIO PARTICIP\u00d3 DE IN\u00c9DITO DI\u00c1LOGO CIUDADANO DEL MINVU QUE SE REALIZ\u00d3 EN SIMULT\u00c1NEO EN TODO CHILE"},"content":{"rendered":"\n<p>El pasado martes, desde Arica hasta Magallanes y de manera simult\u00e1nea, es que el Ministerio de Vivienda y Urbanismo realiz\u00f3 un in\u00e9dito di\u00e1logo participativo junto a la sociedad civil en todo el territorio nacional.<\/p>\n\n\n\n<p>En el caso de Magallanes, la comuna de San Gregorio (799 habitantes seg\u00fan Ceso 2017) fue la elegida como la sede regional para la realizaci\u00f3n de esta instancia, donde participaron m\u00e1s de 30 vecinos; el seremi del Minvu, Jos\u00e9 Miguel Horcos Guarachi; el alcalde \u00c9dgar C\u00e1rcamo Alderete, concejales y funcionarios municipales.<\/p>\n\n\n\n<p>El di\u00e1logo ciudadano cont\u00f3 con preguntas relacionadas con la situaci\u00f3n social que vive el pa\u00eds, como tambi\u00e9n otras con respecto a la cartera de Vivienda y Urbanismo. \u201cEsto es importante para nosotros, porque podemos ver c\u00f3mo seguir mejorando en la creaci\u00f3n de pol\u00edticas p\u00fablicas. Nos hemos dado cuenta que hay una opiniones diversas con respecto al Minvu y la idea es canalizar las opiniones a nivel nacional, para luego dar el enfoque preciso\u201d, dijo el seremi del ramo, Jos\u00e9 Miguel Horcos.<\/p>\n\n\n\n<p>Los vecinos se mostraron muy contentos con la actividad y adem\u00e1s que esta instancia de conversaci\u00f3n no se hab\u00eda dado antes en San Gregorio. As\u00ed lo manifest\u00f3 Constanza Ojeda Uribe, quien dijo: \u201cMe pareci\u00f3 algo muy bueno, espero que se pueda concretar algo de todo esto que se gener\u00f3 hoy. Es un espacio muy comunitario; yo vivo hace poco tiempo aqu\u00ed en la villa y me pareci\u00f3 que estas instancias son valiosas, considerando que somos una comunidad peque\u00f1a y no existen estos espacios para compartir el pensamiento de cada habitante\u201d.<\/p>\n\n\n\n<p>Para el alcalde de San Gregorio, \u00c9dgar C\u00e1rcamo, el di\u00e1logo ciudadano fue muy fruct\u00edfero y que \u201cestas son las oportunidades que uno tiene para saber realmente cu\u00e1les, son en el fondo, las necesidades y prioridades que tienen la poblaci\u00f3n. En esta ocasi\u00f3n, nos sentimos orgullosos de que el Minvu nos haya elegido para ser la sede regional del di\u00e1logo\u201d.<\/p>\n","protected":false},"excerpt":{"rendered":"<p>El pasado martes, desde Arica hasta Magallanes y de manera simult\u00e1nea, es que el Ministerio de Vivienda y Urbanismo realiz\u00f3 un in\u00e9dito di\u00e1logo participativo junto a la sociedad civil en&#8230; <a class=\"read-more\" href=\"https:\/\/www.radiopresidenteibanez.cl\/web\/san-gregorio-participo-de-inedito-dialogo-ciudadano-del-minvu-que-se-realizo-en-simultaneo-en-todo-chile\/\">Leer m\u00e1s<\/a><\/p>\n","protected":false},"author":2,"featured_media":9398,"comment_status":"closed","ping_status":"closed","sticky":false,"template":"","format":"standard","meta":{"footnotes":""},"categories":[1],"tags":[],"class_list":["post-9397","post","type-post","status-publish","format-standard","has-post-thumbnail","hentry","category-cronica"],"_links":{"self":[{"href":"https:\/\/www.radiopresidenteibanez.cl\/web\/wp-json\/wp\/v2\/posts\/9397","targetHints":{"allow":["GET"]}}],"collection":[{"href":"https:\/\/www.radiopresidenteibanez.cl\/web\/wp-json\/wp\/v2\/posts"}],"about":[{"href":"https:\/\/www.radiopresidenteibanez.cl\/web\/wp-json\/wp\/v2\/types\/post"}],"author":[{"embeddable":true,"href":"https:\/\/www.radiopresidenteibanez.cl\/web\/wp-json\/wp\/v2\/users\/2"}],"replies":[{"embeddable":true,"href":"https:\/\/www.radiopresidenteibanez.cl\/web\/wp-json\/wp\/v2\/comments?post=9397"}],"version-history":[{"count":0,"href":"https:\/\/www.radiopresidenteibanez.cl\/web\/wp-json\/wp\/v2\/posts\/9397\/revisions"}],"wp:featuredmedia":[{"embeddable":true,"href":"https:\/\/www.radiopresidenteibanez.cl\/web\/wp-json\/wp\/v2\/media\/9398"}],"wp:attachment":[{"href":"https:\/\/www.radiopresidenteibanez.cl\/web\/wp-json\/wp\/v2\/media?parent=9397"}],"wp:term":[{"taxonomy":"category","embeddable":true,"href":"https:\/\/www.radiopresidenteibanez.cl\/web\/wp-json\/wp\/v2\/categories?post=9397"},{"taxonomy":"post_tag","embeddable":true,"href":"https:\/\/www.radiopresidenteibanez.cl\/web\/wp-json\/wp\/v2\/tags?post=9397"}],"curies":[{"name":"wp","href":"https:\/\/api.w.org\/{rel}","templated":true}]}}