{"id":9368,"date":"2020-01-28T17:21:50","date_gmt":"2020-01-28T17:21:50","guid":{"rendered":"https:\/\/www.radiopresidenteibanez.cl\/web\/?p=9368"},"modified":"2020-01-28T17:21:54","modified_gmt":"2020-01-28T17:21:54","slug":"2-660-personas-en-magallanes-respondieron-la-segunda-consulta-ciudadana-de-discriminacion","status":"publish","type":"post","link":"https:\/\/www.radiopresidenteibanez.cl\/web\/2-660-personas-en-magallanes-respondieron-la-segunda-consulta-ciudadana-de-discriminacion\/","title":{"rendered":"2.660 PERSONAS EN MAGALLANES RESPONDIERON LA SEGUNDA CONSULTA CIUDADANA DE DISCRIMINACI\u00d3N"},"content":{"rendered":"\n<p>Un total de 2.660 personas en la\nRegi\u00f3n de Magallanes y de la Ant\u00e1rtica Chilena respondieron la Segunda Consulta\nCiudadana de Discriminaci\u00f3n bajo el lema de sensibilizaci\u00f3n \u201cYo te respeto\u201c,\nproceso que se desarroll\u00f3 durante un mes en todo el pa\u00eds.<\/p>\n\n\n\n<p>La Consulta, que se realiz\u00f3 por\nprimera vez en el a\u00f1o 2013, buscaba actualizar la percepci\u00f3n y concientizar a\nla ciudadan\u00eda sobre la Ley Antidiscriminaci\u00f3n, m\u00e1s conocida como Ley Zamudio.\nPara ello, se aplic\u00f3 un cuestionario de 15 preguntas cerradas, id\u00e9nticas a la\nprimera encuesta, en las cuatro provincias de la regi\u00f3n.<\/p>\n\n\n\n<p>El seremi de Gobierno (s), Fabi\u00e1n\nMella, explic\u00f3 que \u201cesta instancia de participaci\u00f3n ciudadana permiti\u00f3 que\nquienes residen en Magallanes expresaran sus apreciaciones sobre este tema,\nentregando su opini\u00f3n, y lo m\u00e1s importante, as\u00ed se pueda conocer c\u00f3mo ha\nevolucionado nuestro pa\u00eds en materia de discriminaci\u00f3n a siete a\u00f1os de aplicada\nla primera Consulta\u201d.<\/p>\n\n\n\n<p>Adem\u00e1s, a\u00f1adi\u00f3 que \u201cla Consulta\ntambi\u00e9n estuvo disponible a trav\u00e9s de la p\u00e1gina web <a href=\"http:\/\/www.yoterespeto.cl\">www.yoterespeto.cl<\/a> donde ingresando con la\nclave \u00fanica los ciudadanos pudieron contestar el cuestionario, la cifra final\nse suma a lo que respondieron en el formulario de papel\u201d.<\/p>\n\n\n\n<p>Al d\u00eda de hoy, el Ministerio\nSecretar\u00eda General de Gobierno inform\u00f3 que se aplicaron m\u00e1s de 80 mil encuestas\na nivel nacional, lo que super\u00f3 la participaci\u00f3n de 30 mil personas el a\u00f1o\n2013.<\/p>\n\n\n\n<p>\u201cSin duda el respeto es el mejor legado que podemos dejarle a las futuras generaciones, por eso a trav\u00e9s de esta encuesta el gobierno del Presidente Sebasti\u00e1n Pi\u00f1era, promueve una pol\u00edtica de respeto para todas las personas, independiente de sus creencias, modo de vida u origen\u201d, enfatiz\u00f3 el seremi (s). <\/p>\n","protected":false},"excerpt":{"rendered":"<p>Un total de 2.660 personas en la Regi\u00f3n de Magallanes y de la Ant\u00e1rtica Chilena respondieron la Segunda Consulta Ciudadana de Discriminaci\u00f3n bajo el lema de sensibilizaci\u00f3n \u201cYo te respeto\u201c,&#8230; <a class=\"read-more\" href=\"https:\/\/www.radiopresidenteibanez.cl\/web\/2-660-personas-en-magallanes-respondieron-la-segunda-consulta-ciudadana-de-discriminacion\/\">Leer m\u00e1s<\/a><\/p>\n","protected":false},"author":2,"featured_media":9369,"comment_status":"closed","ping_status":"closed","sticky":false,"template":"","format":"standard","meta":{"footnotes":""},"categories":[1],"tags":[],"class_list":["post-9368","post","type-post","status-publish","format-standard","has-post-thumbnail","hentry","category-cronica"],"_links":{"self":[{"href":"https:\/\/www.radiopresidenteibanez.cl\/web\/wp-json\/wp\/v2\/posts\/9368","targetHints":{"allow":["GET"]}}],"collection":[{"href":"https:\/\/www.radiopresidenteibanez.cl\/web\/wp-json\/wp\/v2\/posts"}],"about":[{"href":"https:\/\/www.radiopresidenteibanez.cl\/web\/wp-json\/wp\/v2\/types\/post"}],"author":[{"embeddable":true,"href":"https:\/\/www.radiopresidenteibanez.cl\/web\/wp-json\/wp\/v2\/users\/2"}],"replies":[{"embeddable":true,"href":"https:\/\/www.radiopresidenteibanez.cl\/web\/wp-json\/wp\/v2\/comments?post=9368"}],"version-history":[{"count":0,"href":"https:\/\/www.radiopresidenteibanez.cl\/web\/wp-json\/wp\/v2\/posts\/9368\/revisions"}],"wp:featuredmedia":[{"embeddable":true,"href":"https:\/\/www.radiopresidenteibanez.cl\/web\/wp-json\/wp\/v2\/media\/9369"}],"wp:attachment":[{"href":"https:\/\/www.radiopresidenteibanez.cl\/web\/wp-json\/wp\/v2\/media?parent=9368"}],"wp:term":[{"taxonomy":"category","embeddable":true,"href":"https:\/\/www.radiopresidenteibanez.cl\/web\/wp-json\/wp\/v2\/categories?post=9368"},{"taxonomy":"post_tag","embeddable":true,"href":"https:\/\/www.radiopresidenteibanez.cl\/web\/wp-json\/wp\/v2\/tags?post=9368"}],"curies":[{"name":"wp","href":"https:\/\/api.w.org\/{rel}","templated":true}]}}