{"id":9365,"date":"2020-01-28T17:17:11","date_gmt":"2020-01-28T17:17:11","guid":{"rendered":"https:\/\/www.radiopresidenteibanez.cl\/web\/?p=9365"},"modified":"2020-01-28T17:17:15","modified_gmt":"2020-01-28T17:17:15","slug":"gobernacion-de-ultima-esperanza-realiza-mesa-de-trabajo-en-torno-al-trafico-de-drogas-y-prevencion","status":"publish","type":"post","link":"https:\/\/www.radiopresidenteibanez.cl\/web\/gobernacion-de-ultima-esperanza-realiza-mesa-de-trabajo-en-torno-al-trafico-de-drogas-y-prevencion\/","title":{"rendered":"GOBERNACI\u00d3N DE \u00daLTIMA ESPERANZA REALIZA MESA DE TRABAJO EN TORNO AL TR\u00c1FICO DE DROGAS Y PREVENCI\u00d3N"},"content":{"rendered":"\n<p>La Gobernaci\u00f3n de \u00daltima\nEsperanza convoc\u00f3 a una reuni\u00f3n en la que se dieron cita diferentes entidades\nde seguridad p\u00fablica, entre los cuales estaba la Coordinadora de Seguridad\nP\u00fablica, Jennifer Rojas, Carabineros, PDI, Aduanas, Armada, el alcalde de\nNatales, Fernando Paredes y el Gobernador de la Provincia, Ra\u00fal Suazo.<\/p>\n\n\n\n<p>De acuerdo a datos\nentregados por la PDI, a nivel regional, en 2018 se incautaron 20 kilos de los\nprincipales tipos de drogas, mientras que en 2019 las incautaciones aumentaron\nen casi 2 kilos m\u00e1s. Por lo anterior, el trasfondo de esta reuni\u00f3n fue para\npoder tratar el tema del narcotr\u00e1fico en la comuna de Natales y para coordinar\nesfuerzos entre las polic\u00edas con el fin de generar estrategias para prevenir el\nconsumo, el tr\u00e1fico y el micro tr\u00e1fico de drogas. <\/p>\n\n\n\n<p>Ante esta convocatoria,\nel Jefe de la Brigada Antinarc\u00f3ticos y Contra el Crimen Organizado de Punta\nArenas, Comisario Patricio Flores, se\u00f1al\u00f3 que \u201ceste tipo de reuniones nos ayuda\na organizarnos y nos permite conocer nuestras debilidades y obviamente\nfortalecer los lazos y las coordinaciones y saber en qu\u00e9 podemos ayudar y\ncooperar entre nosotros\u201d, asimismo, agreg\u00f3 que \u201cuna de las misiones que tiene\nla brigada anti narc\u00f3ticos, adem\u00e1s de investigar, es se\u00f1alarles a todos, que\ntodos somos coproductores de seguridad y en ese \u00e1mbito de aplicaci\u00f3n, todos\npodemos aportar\u201d.<\/p>\n\n\n\n<p>Por su parte, el\nGobernador Ra\u00fal Suazo recalc\u00f3 que esta mesa de trabajo tuvo su origen a partir\nde la inquietud de personas que se manifestaron sobre este asunto, al respecto\nse\u00f1al\u00f3 que \u201cesta reuni\u00f3n se gest\u00f3 en funci\u00f3n de las necesidades de los vecinos,\nquienes se acercaron a la Gobernaci\u00f3n Provincial y nos manifestaron su\npreocupaci\u00f3n respecto al tr\u00e1fico y al consumo de drogas en la comuna. Fue ante\nesa inquietud de la gente que nosotros gestionamos esta reuni\u00f3n para poder estar\nal tanto y conocer la situaci\u00f3n actual del tema del tr\u00e1fico de drogas en la\ncomuna\u201d.<\/p>\n\n\n\n<p>Asimismo, el alcalde de\nNatales, Fernando Paredes, hizo \u00e9nfasis en prevenir que los m\u00e1s j\u00f3venes\ncaigan&nbsp; en el consumo, \u201cconsidero que\naqu\u00ed hay un largo trabajo y claramente en esto no queremos generar falsas\nexpectativas, sino que lo que pretendemos es trabajar de buena manera ante una\ntem\u00e1tica que est\u00e1 llegando a nuestra ciudad, en eso es vital la coordinaci\u00f3n de\nlas polic\u00edas para poder entender tambi\u00e9n d\u00f3nde est\u00e1n nuestras\ndebilidades y por supuesto que poder profundizar el trabajo preventivo junto a\nlos ni\u00f1os, ni\u00f1as y j\u00f3venes en los establecimientos educacionales\u201d, se\u00f1al\u00f3.<\/p>\n\n\n\n<p>Finalmente, el Gobernador\nSuazo recalc\u00f3 que se est\u00e1n realizando labores preventivas para combatir el\nconsumo y tr\u00e1fico de drogas, sobre esto coment\u00f3 que \u201chay cosas que\nuno no puede detallar, pero quisiera transmitir a la poblaci\u00f3n de que se est\u00e1\ntrabajando, se est\u00e1 fiscalizando, se est\u00e1 investigando, habr\u00e1 mayor presencia\npolicial y fiscalizaciones en los distintos pasos fronterizos, en el\naeropuerto. Por lo mismo hago un llamado a la calma porque estamos trabajando\nen este tema que es tan importante para todos nosotros\u201d.<\/p>\n\n\n\n<p>De esta manera a trav\u00e9s de\n\u00e9sta y futuras reuniones, se planificar\u00e1 el a\u00f1o respecto al tema del\nnarcotr\u00e1fico en la regi\u00f3n con el fin de mejorar distintas \u00e1reas como la\nprevenci\u00f3n y la fiscalizaci\u00f3n, procurando tambi\u00e9n ser m\u00e1s eficaces a trav\u00e9s del\ntrabajo coordinado de las diferentes polic\u00edas y organismos de seguridad\np\u00fablica.<\/p>\n","protected":false},"excerpt":{"rendered":"<p>La Gobernaci\u00f3n de \u00daltima Esperanza convoc\u00f3 a una reuni\u00f3n en la que se dieron cita diferentes entidades de seguridad p\u00fablica, entre los cuales estaba la Coordinadora de Seguridad P\u00fablica, Jennifer&#8230; <a class=\"read-more\" href=\"https:\/\/www.radiopresidenteibanez.cl\/web\/gobernacion-de-ultima-esperanza-realiza-mesa-de-trabajo-en-torno-al-trafico-de-drogas-y-prevencion\/\">Leer m\u00e1s<\/a><\/p>\n","protected":false},"author":2,"featured_media":9366,"comment_status":"closed","ping_status":"closed","sticky":false,"template":"","format":"standard","meta":{"footnotes":""},"categories":[1],"tags":[],"class_list":["post-9365","post","type-post","status-publish","format-standard","has-post-thumbnail","hentry","category-cronica"],"_links":{"self":[{"href":"https:\/\/www.radiopresidenteibanez.cl\/web\/wp-json\/wp\/v2\/posts\/9365","targetHints":{"allow":["GET"]}}],"collection":[{"href":"https:\/\/www.radiopresidenteibanez.cl\/web\/wp-json\/wp\/v2\/posts"}],"about":[{"href":"https:\/\/www.radiopresidenteibanez.cl\/web\/wp-json\/wp\/v2\/types\/post"}],"author":[{"embeddable":true,"href":"https:\/\/www.radiopresidenteibanez.cl\/web\/wp-json\/wp\/v2\/users\/2"}],"replies":[{"embeddable":true,"href":"https:\/\/www.radiopresidenteibanez.cl\/web\/wp-json\/wp\/v2\/comments?post=9365"}],"version-history":[{"count":0,"href":"https:\/\/www.radiopresidenteibanez.cl\/web\/wp-json\/wp\/v2\/posts\/9365\/revisions"}],"wp:featuredmedia":[{"embeddable":true,"href":"https:\/\/www.radiopresidenteibanez.cl\/web\/wp-json\/wp\/v2\/media\/9366"}],"wp:attachment":[{"href":"https:\/\/www.radiopresidenteibanez.cl\/web\/wp-json\/wp\/v2\/media?parent=9365"}],"wp:term":[{"taxonomy":"category","embeddable":true,"href":"https:\/\/www.radiopresidenteibanez.cl\/web\/wp-json\/wp\/v2\/categories?post=9365"},{"taxonomy":"post_tag","embeddable":true,"href":"https:\/\/www.radiopresidenteibanez.cl\/web\/wp-json\/wp\/v2\/tags?post=9365"}],"curies":[{"name":"wp","href":"https:\/\/api.w.org\/{rel}","templated":true}]}}