{"id":9362,"date":"2020-01-28T13:56:59","date_gmt":"2020-01-28T13:56:59","guid":{"rendered":"https:\/\/www.radiopresidenteibanez.cl\/web\/?p=9362"},"modified":"2020-01-28T13:57:05","modified_gmt":"2020-01-28T13:57:05","slug":"ultimos-dias-para-postular-a-premios-pulsar-2020","status":"publish","type":"post","link":"https:\/\/www.radiopresidenteibanez.cl\/web\/ultimos-dias-para-postular-a-premios-pulsar-2020\/","title":{"rendered":"\u00daLTIMOS D\u00cdAS PARA POSTULAR A PREMIOS PULSAR 2020"},"content":{"rendered":"\n<p>Premios Pulsar de la M\u00fasica Chilena es el certamen que reconoce lo m\u00e1s destacado de la industria musical y a sus creadores, por trabajos en diferentes g\u00e9neros, estilos y manifestaciones art\u00edsticas vinculadas a la m\u00fasica en el per\u00edodo de un a\u00f1o.&nbsp; En su sexta versi\u00f3n, ya ha recibido un centenar de postulaciones y espera que ese n\u00famero siga aumentando a pocos d\u00edas del cierre de su convocatoria este&nbsp;<strong>viernes 31 de noviembre<\/strong>.<\/p>\n\n\n\n<p>De esta manera, a\u00fan pueden postular artistas int\u00e9rpretes de obras musicales, sean estos solistas o agrupaciones, as\u00ed como productores, editoriales y cualquier otra persona que haya publicado un trabajo fonogr\u00e1fico u obra relacionada con la m\u00fasica&nbsp;<strong>entre el 01 de diciembre del 2018 y el 30 de noviembre del a\u00f1o 2019<\/strong>, teniendo la posibilidad de decidir entre 23 categor\u00edas.<\/p>\n\n\n\n<p>Tras el t\u00e9rmino de recepci\u00f3n de obras, un jurado especializado por cada categor\u00eda se encargar\u00e1 de evaluar los trabajos y definir los nominados que competir\u00e1n en un segundo proceso por llevarse el Premio Pulsar.<\/p>\n\n\n\n<p>El Jurado Premios Pulsar est\u00e1 formado por un colegio permanente que se ampl\u00eda a\u00f1o a a\u00f1o, con el objeto de lograr mayor amplitud y diversidad de criterios a la hora de seleccionar. Actualmente est\u00e1 conformado por 185&nbsp;miembros, entre periodistas especializados, investigadores, directores de radio, acad\u00e9micos, productores musicales, ingenieros en sonido y actores de la industria en diversos \u00e1mbitos.<\/p>\n\n\n\n<p>En su versi\u00f3n 2019, Premios Pulsar recibi\u00f3 m\u00e1s de 1400 postulaciones y tuvo grandes ganadores, como la banda Combo Tortuga en la categor\u00eda votada por el p\u00fablico Artista de A\u00f1o, Mon Laferte llev\u00e1ndose dos estatuillas por \u00c1lbum del A\u00f1o y Canci\u00f3n M\u00e1s Tocada, Paloma Mami recibiendo el premio a la Canci\u00f3n del A\u00f1o y Cami siendo galardonada como Mejor Artista Pop.<\/p>\n\n\n\n<p>La ceremonia de premiaci\u00f3n de la sexta versi\u00f3n de Premios Pulsar se realizar\u00e1 en mayo de 2020.<\/p>\n\n\n\n<p>Conoce las bases de los Premios Pulsar 2020&nbsp;en este&nbsp;<a href=\"http:\/\/tracker.cl1.fidelizador.com\/LF4D15FGA9C91009H100D493FF81C68JC4F84F2309KF4D15F5BA63E32ABA5758ABF646867DD\" target=\"_blank\" rel=\"noreferrer noopener\">link<\/a>.<\/p>\n\n\n\n<p>Para postular debes hacerlo a trav\u00e9s del siguiente&nbsp;<a href=\"http:\/\/tracker.cl1.fidelizador.com\/LF4D15FGA9C91009H100D493FF81C68JC4F84F23B0KF4D15F5BA63E32ABA5758ABF646867DD\" target=\"_blank\" rel=\"noreferrer noopener\">link<\/a><\/p>\n\n\n\n<p>M\u00e1s informaci\u00f3n en&nbsp;<a href=\"http:\/\/tracker.cl1.fidelizador.com\/LF4D15FGA9C91009H100D493FF81C68JC4F84F23F8KF4D15F5BA63E32ABA5758ABF646867DD\" target=\"_blank\" rel=\"noreferrer noopener\">www.premiospulsar.cl<\/a><\/p>\n","protected":false},"excerpt":{"rendered":"<p>Premios Pulsar de la M\u00fasica Chilena es el certamen que reconoce lo m\u00e1s destacado de la industria musical y a sus creadores, por trabajos en diferentes g\u00e9neros, estilos y manifestaciones&#8230; <a class=\"read-more\" href=\"https:\/\/www.radiopresidenteibanez.cl\/web\/ultimos-dias-para-postular-a-premios-pulsar-2020\/\">Leer m\u00e1s<\/a><\/p>\n","protected":false},"author":2,"featured_media":9363,"comment_status":"closed","ping_status":"closed","sticky":false,"template":"","format":"standard","meta":{"footnotes":""},"categories":[1],"tags":[],"class_list":["post-9362","post","type-post","status-publish","format-standard","has-post-thumbnail","hentry","category-cronica"],"_links":{"self":[{"href":"https:\/\/www.radiopresidenteibanez.cl\/web\/wp-json\/wp\/v2\/posts\/9362","targetHints":{"allow":["GET"]}}],"collection":[{"href":"https:\/\/www.radiopresidenteibanez.cl\/web\/wp-json\/wp\/v2\/posts"}],"about":[{"href":"https:\/\/www.radiopresidenteibanez.cl\/web\/wp-json\/wp\/v2\/types\/post"}],"author":[{"embeddable":true,"href":"https:\/\/www.radiopresidenteibanez.cl\/web\/wp-json\/wp\/v2\/users\/2"}],"replies":[{"embeddable":true,"href":"https:\/\/www.radiopresidenteibanez.cl\/web\/wp-json\/wp\/v2\/comments?post=9362"}],"version-history":[{"count":0,"href":"https:\/\/www.radiopresidenteibanez.cl\/web\/wp-json\/wp\/v2\/posts\/9362\/revisions"}],"wp:featuredmedia":[{"embeddable":true,"href":"https:\/\/www.radiopresidenteibanez.cl\/web\/wp-json\/wp\/v2\/media\/9363"}],"wp:attachment":[{"href":"https:\/\/www.radiopresidenteibanez.cl\/web\/wp-json\/wp\/v2\/media?parent=9362"}],"wp:term":[{"taxonomy":"category","embeddable":true,"href":"https:\/\/www.radiopresidenteibanez.cl\/web\/wp-json\/wp\/v2\/categories?post=9362"},{"taxonomy":"post_tag","embeddable":true,"href":"https:\/\/www.radiopresidenteibanez.cl\/web\/wp-json\/wp\/v2\/tags?post=9362"}],"curies":[{"name":"wp","href":"https:\/\/api.w.org\/{rel}","templated":true}]}}