{"id":9359,"date":"2020-01-28T13:53:56","date_gmt":"2020-01-28T13:53:56","guid":{"rendered":"https:\/\/www.radiopresidenteibanez.cl\/web\/?p=9359"},"modified":"2020-01-28T13:53:59","modified_gmt":"2020-01-28T13:53:59","slug":"intendente-entrego-la-medalla-del-gobierno-regional-de-magallanes-a-los-generales-jorge-pena-y-roberto-machuca","status":"publish","type":"post","link":"https:\/\/www.radiopresidenteibanez.cl\/web\/intendente-entrego-la-medalla-del-gobierno-regional-de-magallanes-a-los-generales-jorge-pena-y-roberto-machuca\/","title":{"rendered":"INTENDENTE ENTREG\u00d3 LA MEDALLA DEL GOBIERNO REGIONAL DE MAGALLANES A LOS GENERALES JORGE PE\u00d1A Y ROBERTO MACHUCA"},"content":{"rendered":"\n<p>Con la presencia de distintas autoridades gubernamentales de\nla regi\u00f3n, se llev\u00f3 a cabo en el sal\u00f3n Nelda Panicucci de la Intendencia una\nsolemne ceremonia en la cual el Intendente Jos\u00e9 Fern\u00e1ndez D\u00fcbrock condecor\u00f3 con\nla medalla del Gobierno Regional de Magallanes a los generales Jorge Pe\u00f1a N\u00fa\u00f1ez\ny Roberto Machuca Rojas, quienes durante el a\u00f1o 2019 estuvieron al mando tanto de\nla Quinta Divisi\u00f3n del Ej\u00e9rcito como de la Duod\u00e9cima Zona Policial de\nCarabineros, respectivamente.<\/p>\n\n\n\n<p>En la instancia, los ex jefes locales de las instituciones\nnombradas, que en los pr\u00f3ximos d\u00edas se trasladar\u00e1n a otras regiones, escucharon\nun breve discurso pronunciado por la m\u00e1xima autoridad de la regi\u00f3n, quien agradeci\u00f3\nsu gesti\u00f3n y destac\u00f3 las labores ejecutadas por ambos en el territorio m\u00e1s\naustral del pa\u00eds, debiendo enfrentar un complicado fin de a\u00f1o producto de las\nmovilizaciones sociales. Pese a esto, se resalt\u00f3 su liderazgo y compromiso para\nlidiar con cada una de las situaciones, y as\u00ed poder tomar certeras decisiones en\nlos momentos m\u00e1s dif\u00edciles en beneficio de la comunidad magall\u00e1nica. <\/p>\n\n\n\n<p>\u201cQuiero agradecer por la contribuci\u00f3n de los dos generales a\nlos que les toc\u00f3 un a\u00f1o bastante complejo, con situaciones distintas a lo que\nes un a\u00f1o tradicional debido al estallido social. De parte del Gobierno\nRegional estamos muy agradecidos por su colaboraci\u00f3n y por estar siempre\ndispuestos a ayudar en cualquier cosa que se les solicit\u00f3. Le deseamos los\nmejores de los parabienes en su vida futura\u201d, estipul\u00f3 el Intendente Fern\u00e1ndez.<\/p>\n\n\n\n<p>Tras el homenaje de despedida, el general Pe\u00f1a, que fue\nllamado a retiro y pr\u00f3ximamente se radicar\u00e1 en la ciudad de Santiago, enfatiz\u00f3\nque \u201crecibo esta medalla con bastante humildad, toda vez que uno trabaja por,\npara y a trav\u00e9s del Ej\u00e9rcito en beneficio del pa\u00eds. Magallanes es una regi\u00f3n\nmuy especial, que a uno lo encanta y le tom\u00e9 mucho cari\u00f1o, y haber trabajado en\nesta regi\u00f3n fue muy engrandecedor\u201d.<\/p>\n\n\n\n<p>Finalmente, el ex titular de Carabineros en Magallanes, sostuvo\nque \u201cfue un a\u00f1o excelente, me voy con sentimientos encontrados, creo que hay\ndesaf\u00edos pendientes todav\u00eda para lo que se viene en lo que queda del 2020, pero\nestoy contento en las condiciones y en los \u00edndices de criminalidad en los\ncuales pudimos dejar la regi\u00f3n que es privilegiada respecto del contexto del\npa\u00eds. Estoy sorprendido por este reconocimiento, no me lo esperaba y le\nagradezco al se\u00f1or Intendente. Podemos irnos tranquilos y con la confianza de\nque todos los esfuerzos se hicieron en beneficio de la comunidad, que es lo m\u00e1s\nimportante\u201d.<\/p>\n","protected":false},"excerpt":{"rendered":"<p>Con la presencia de distintas autoridades gubernamentales de la regi\u00f3n, se llev\u00f3 a cabo en el sal\u00f3n Nelda Panicucci de la Intendencia una solemne ceremonia en la cual el Intendente&#8230; <a class=\"read-more\" href=\"https:\/\/www.radiopresidenteibanez.cl\/web\/intendente-entrego-la-medalla-del-gobierno-regional-de-magallanes-a-los-generales-jorge-pena-y-roberto-machuca\/\">Leer m\u00e1s<\/a><\/p>\n","protected":false},"author":2,"featured_media":9360,"comment_status":"closed","ping_status":"closed","sticky":false,"template":"","format":"standard","meta":{"footnotes":""},"categories":[1],"tags":[],"class_list":["post-9359","post","type-post","status-publish","format-standard","has-post-thumbnail","hentry","category-cronica"],"_links":{"self":[{"href":"https:\/\/www.radiopresidenteibanez.cl\/web\/wp-json\/wp\/v2\/posts\/9359","targetHints":{"allow":["GET"]}}],"collection":[{"href":"https:\/\/www.radiopresidenteibanez.cl\/web\/wp-json\/wp\/v2\/posts"}],"about":[{"href":"https:\/\/www.radiopresidenteibanez.cl\/web\/wp-json\/wp\/v2\/types\/post"}],"author":[{"embeddable":true,"href":"https:\/\/www.radiopresidenteibanez.cl\/web\/wp-json\/wp\/v2\/users\/2"}],"replies":[{"embeddable":true,"href":"https:\/\/www.radiopresidenteibanez.cl\/web\/wp-json\/wp\/v2\/comments?post=9359"}],"version-history":[{"count":0,"href":"https:\/\/www.radiopresidenteibanez.cl\/web\/wp-json\/wp\/v2\/posts\/9359\/revisions"}],"wp:featuredmedia":[{"embeddable":true,"href":"https:\/\/www.radiopresidenteibanez.cl\/web\/wp-json\/wp\/v2\/media\/9360"}],"wp:attachment":[{"href":"https:\/\/www.radiopresidenteibanez.cl\/web\/wp-json\/wp\/v2\/media?parent=9359"}],"wp:term":[{"taxonomy":"category","embeddable":true,"href":"https:\/\/www.radiopresidenteibanez.cl\/web\/wp-json\/wp\/v2\/categories?post=9359"},{"taxonomy":"post_tag","embeddable":true,"href":"https:\/\/www.radiopresidenteibanez.cl\/web\/wp-json\/wp\/v2\/tags?post=9359"}],"curies":[{"name":"wp","href":"https:\/\/api.w.org\/{rel}","templated":true}]}}