{"id":9356,"date":"2020-01-28T13:46:59","date_gmt":"2020-01-28T13:46:59","guid":{"rendered":"https:\/\/www.radiopresidenteibanez.cl\/web\/?p=9356"},"modified":"2020-01-28T13:47:09","modified_gmt":"2020-01-28T13:47:09","slug":"cuatro-organizaciones-regionales-resultaron-ganadoras-del-xxiii-fondo-de-proteccion-ambiental-2020","status":"publish","type":"post","link":"https:\/\/www.radiopresidenteibanez.cl\/web\/cuatro-organizaciones-regionales-resultaron-ganadoras-del-xxiii-fondo-de-proteccion-ambiental-2020\/","title":{"rendered":"CUATRO ORGANIZACIONES REGIONALES RESULTARON GANADORAS DEL XXIII FONDO DE PROTECCI\u00d3N AMBIENTAL 2020"},"content":{"rendered":"\n<p>El Fondo de Protecci\u00f3n Ambiental (FPA) es el primer\nfondo concursable de car\u00e1cter nacional con que cuenta el Estado de Chile para\napoyar iniciativas ambientales presentadas por la ciudadan\u00eda. Desde el a\u00f1o 1998 a la fecha, el FPA\nha financiado m\u00e1s de&nbsp; 3.250 proyectos a\nnivel nacional, por un monto que supera los 17 mil 790 millones de pesos.<\/p>\n\n\n\n<p>El\nviernes 24 de enero, la Ministra del Medio Ambiente, Carolina Schmidt, encabez\u00f3\nla ceremonia de adjudicaci\u00f3n de proyectos del Fondo de Protecci\u00f3n Ambiental\n2020, por otro lado gracias a un acuerdo transversal de parlamentarios, se incluir\u00e1n en el\nproyecto de Ley Marco de Cambio Clim\u00e1tico la posibilidad de donaciones para la\nprotecci\u00f3n, cuidado y conservaci\u00f3n del medio ambiente, que podr\u00e1n realizar\nempresas, organizaciones o personas naturales, a este fondo.<\/p>\n\n\n\n<p>En el XXIII Concurso\ndel FPA, se han financiado 176 proyectos a nivel nacional, por un monto de 796\nmillones de pesos, mientras que en Magallanes se han financiado 4 proyectos por\nun monto de 18 millones de pesos.<\/p>\n\n\n\n<p>\u201cEl Fondo de\nProtecci\u00f3n Ambiental es una excelente herramienta que dispone el Ministerio del\nMedio Ambiente, que en este a\u00f1o ha permitido financiar proyectos regionales\nasociados temas que son claves en el programa de trabajo del Ministerio del\nMedio Ambiente como son: conservaci\u00f3n del agua, biodiversidad y energ\u00edas\nrenovables reduciendo la emisi\u00f3n de gases de efecto invernadero. Con esto se\nlogra avanzar en un cambio cultural en temas medio ambientales por la v\u00eda de\ndifundir estas acciones y adem\u00e1s implementar soluciones ambientalmente\namigables\u201d indic\u00f3 el Seremi del Medio Ambiente, Eduardo Schiappacasse. <\/p>\n\n\n\n<p>Los ganadores\nregionales de este concurso fueron:<\/p>\n\n\n\n<ul class=\"wp-block-list\"><li>Grupo Yamkank\nTorres del Paine: \u201cLa medicina en mi huerta innovando en la forma de ver y\nentender las plantas\u201d. <\/li><li>Rotary Club\nAustral Punta Arenas: \u201cImplementaci\u00f3n de energ\u00eda renovable fotovoltaica en\ntaller laboral para personas en situaci\u00f3n de discapacidad (UNPADE Magallanes)\u201d.<\/li><li>Asociaci\u00f3n\nInd\u00edgena Ketrawe Mapu, de Punta Arenas: \u201cRecolecci\u00f3n de aguas lluvias para un\naprovechamiento \u00f3ptimo de los recursos h\u00eddricos\u201d.<\/li><li>Centro General de\nPadres Escuela E3 Coronel Santiago Bueras, de Puerto Natales: \u201cYo conozco, yo\nvaloro nuestra biodiversidad regional: Un viaje desde la sala de clases al aula\nnatural\u201d.<\/li><\/ul>\n","protected":false},"excerpt":{"rendered":"<p>El Fondo de Protecci\u00f3n Ambiental (FPA) es el primer fondo concursable de car\u00e1cter nacional con que cuenta el Estado de Chile para apoyar iniciativas ambientales presentadas por la ciudadan\u00eda. Desde&#8230; <a class=\"read-more\" href=\"https:\/\/www.radiopresidenteibanez.cl\/web\/cuatro-organizaciones-regionales-resultaron-ganadoras-del-xxiii-fondo-de-proteccion-ambiental-2020\/\">Leer m\u00e1s<\/a><\/p>\n","protected":false},"author":2,"featured_media":9357,"comment_status":"closed","ping_status":"closed","sticky":false,"template":"","format":"standard","meta":{"footnotes":""},"categories":[1],"tags":[],"class_list":["post-9356","post","type-post","status-publish","format-standard","has-post-thumbnail","hentry","category-cronica"],"_links":{"self":[{"href":"https:\/\/www.radiopresidenteibanez.cl\/web\/wp-json\/wp\/v2\/posts\/9356","targetHints":{"allow":["GET"]}}],"collection":[{"href":"https:\/\/www.radiopresidenteibanez.cl\/web\/wp-json\/wp\/v2\/posts"}],"about":[{"href":"https:\/\/www.radiopresidenteibanez.cl\/web\/wp-json\/wp\/v2\/types\/post"}],"author":[{"embeddable":true,"href":"https:\/\/www.radiopresidenteibanez.cl\/web\/wp-json\/wp\/v2\/users\/2"}],"replies":[{"embeddable":true,"href":"https:\/\/www.radiopresidenteibanez.cl\/web\/wp-json\/wp\/v2\/comments?post=9356"}],"version-history":[{"count":0,"href":"https:\/\/www.radiopresidenteibanez.cl\/web\/wp-json\/wp\/v2\/posts\/9356\/revisions"}],"wp:featuredmedia":[{"embeddable":true,"href":"https:\/\/www.radiopresidenteibanez.cl\/web\/wp-json\/wp\/v2\/media\/9357"}],"wp:attachment":[{"href":"https:\/\/www.radiopresidenteibanez.cl\/web\/wp-json\/wp\/v2\/media?parent=9356"}],"wp:term":[{"taxonomy":"category","embeddable":true,"href":"https:\/\/www.radiopresidenteibanez.cl\/web\/wp-json\/wp\/v2\/categories?post=9356"},{"taxonomy":"post_tag","embeddable":true,"href":"https:\/\/www.radiopresidenteibanez.cl\/web\/wp-json\/wp\/v2\/tags?post=9356"}],"curies":[{"name":"wp","href":"https:\/\/api.w.org\/{rel}","templated":true}]}}