{"id":9352,"date":"2020-01-28T13:43:38","date_gmt":"2020-01-28T13:43:38","guid":{"rendered":"https:\/\/www.radiopresidenteibanez.cl\/web\/?p=9352"},"modified":"2020-01-28T13:43:41","modified_gmt":"2020-01-28T13:43:41","slug":"municipalidad-de-natales-apoya-iniciativa-con-energias-100-renovables","status":"publish","type":"post","link":"https:\/\/www.radiopresidenteibanez.cl\/web\/municipalidad-de-natales-apoya-iniciativa-con-energias-100-renovables\/","title":{"rendered":"MUNICIPALIDAD DE NATALES APOYA INICIATIVA CON ENERG\u00cdAS 100% RENOVABLES"},"content":{"rendered":"\n<p>Hasta la ciudad de Puerto Natales\npedale\u00f3 la nueva forma de desplazarse en bicicleta a trav\u00e9s del mundo. La\niniciativa acogida por el Concejo Municipal permitir\u00e1 instalar un m\u00f3dulo de\narriendo de bicicletas el\u00e9ctricas en el bandej\u00f3n central de la Avenida Santiago\nBueras, frente al rodoviario municipal.<\/p>\n\n\n\n<p>Esta decisi\u00f3n busca ofrecer una\nopci\u00f3n 100% renovable a los turistas que visitan la ciudad y a cada uno de los\nvecinos, con especial \u00e9nfasis en las personas de movilidad reducida. Sum\u00e1ndose\ncomo una nueva alternativa de transporte que promueve la vida sana y el cuidado\ndel medio ambiente.<\/p>\n\n\n\n<p>Seg\u00fan el alcalde de la comuna,\nFernando Paredes Mansilla, como Concejo Municipal abrazaron esta idea, ya que\nva en directo beneficio de nuestro ambiente y de nuestros vecinos. \u201cSiempre le\ndaremos la bienvenida a los buenos emprendimientos que impactan directamente en\nla calidad de vida de nuestros habitantes y que entregan m\u00e1s opciones de\ntraslado para todos nosotros, y qu\u00e9 mejor que sea un transporte amigable con el\nmedio ambiente\u201d.<\/p>\n\n\n\n<p>El m\u00f3dulo pertenece a la empresa\nPatagonia Zero Emission, la cual arrendar\u00e1 bicicletas el\u00e9ctricas cargadas con\npaneles solares y energ\u00eda e\u00f3lica.&nbsp; Esta\nenerg\u00eda es 100% renovable y tendr\u00e1 cero huella de carbono, no generando ning\u00fan\nimpacto ambiental su funcionamiento en Puerto Natales.<\/p>\n\n\n\n<p>Adem\u00e1s, la empresa coordinar\u00e1 con\nel municipio la ejecuci\u00f3n de charlas educativas para la comunidad, con el fin\nde aprender el funcionamiento las bicicletas el\u00e9ctricas y as\u00ed m\u00e1s personas se\npuedan sumar a esta iniciativa.<\/p>\n","protected":false},"excerpt":{"rendered":"<p>Hasta la ciudad de Puerto Natales pedale\u00f3 la nueva forma de desplazarse en bicicleta a trav\u00e9s del mundo. La iniciativa acogida por el Concejo Municipal permitir\u00e1 instalar un m\u00f3dulo de&#8230; <a class=\"read-more\" href=\"https:\/\/www.radiopresidenteibanez.cl\/web\/municipalidad-de-natales-apoya-iniciativa-con-energias-100-renovables\/\">Leer m\u00e1s<\/a><\/p>\n","protected":false},"author":2,"featured_media":9353,"comment_status":"closed","ping_status":"closed","sticky":false,"template":"","format":"standard","meta":{"footnotes":""},"categories":[1],"tags":[],"class_list":["post-9352","post","type-post","status-publish","format-standard","has-post-thumbnail","hentry","category-cronica"],"_links":{"self":[{"href":"https:\/\/www.radiopresidenteibanez.cl\/web\/wp-json\/wp\/v2\/posts\/9352","targetHints":{"allow":["GET"]}}],"collection":[{"href":"https:\/\/www.radiopresidenteibanez.cl\/web\/wp-json\/wp\/v2\/posts"}],"about":[{"href":"https:\/\/www.radiopresidenteibanez.cl\/web\/wp-json\/wp\/v2\/types\/post"}],"author":[{"embeddable":true,"href":"https:\/\/www.radiopresidenteibanez.cl\/web\/wp-json\/wp\/v2\/users\/2"}],"replies":[{"embeddable":true,"href":"https:\/\/www.radiopresidenteibanez.cl\/web\/wp-json\/wp\/v2\/comments?post=9352"}],"version-history":[{"count":0,"href":"https:\/\/www.radiopresidenteibanez.cl\/web\/wp-json\/wp\/v2\/posts\/9352\/revisions"}],"wp:featuredmedia":[{"embeddable":true,"href":"https:\/\/www.radiopresidenteibanez.cl\/web\/wp-json\/wp\/v2\/media\/9353"}],"wp:attachment":[{"href":"https:\/\/www.radiopresidenteibanez.cl\/web\/wp-json\/wp\/v2\/media?parent=9352"}],"wp:term":[{"taxonomy":"category","embeddable":true,"href":"https:\/\/www.radiopresidenteibanez.cl\/web\/wp-json\/wp\/v2\/categories?post=9352"},{"taxonomy":"post_tag","embeddable":true,"href":"https:\/\/www.radiopresidenteibanez.cl\/web\/wp-json\/wp\/v2\/tags?post=9352"}],"curies":[{"name":"wp","href":"https:\/\/api.w.org\/{rel}","templated":true}]}}