{"id":9349,"date":"2020-01-28T13:40:10","date_gmt":"2020-01-28T13:40:10","guid":{"rendered":"https:\/\/www.radiopresidenteibanez.cl\/web\/?p=9349"},"modified":"2020-01-28T13:40:13","modified_gmt":"2020-01-28T13:40:13","slug":"terminadas-las-obras-en-puerto-natales-de-las-familias-beneficiarias-del-programa-de-habitabilidad","status":"publish","type":"post","link":"https:\/\/www.radiopresidenteibanez.cl\/web\/terminadas-las-obras-en-puerto-natales-de-las-familias-beneficiarias-del-programa-de-habitabilidad\/","title":{"rendered":"TERMINADAS LAS OBRAS EN PUERTO NATALES DE LAS FAMILIAS BENEFICIARIAS DEL PROGRAMA DE HABITABILIDAD"},"content":{"rendered":"\n<p>Hasta Puerto Natales lleg\u00f3 la Seremi de Desarrollo Social y Familia, Liz Casanueva M\u00e9ndez, para participar de la ceremonia que marc\u00f3 el hito de t\u00e9rmino del programa Habitabilidad de FOSIS, el cual busca contribuir en el mejoramiento de viviendas y entornos de las familias, adem\u00e1s de fortalecer y potenciar en los participantes conductas que generen y mantengan h\u00e1bitos saludables en las viviendas.<\/p>\n\n\n\n<p>Fueron 11 las familias de la comuna de Puerto Natales, pertenecientes a los subsistemas Chile Solidario y Seguridades y Oportunidades, quienes recibieron en total m\u00e1s de 50 soluciones en sus hogares para potenciar las posibilidades y oportunidades de desarrollo, inclusi\u00f3n e integraci\u00f3n social en la dimensi\u00f3n de habitabilidad.<\/p>\n\n\n\n<p>La Seremi de Desarrollo Social y Familia, Liz Casanueva M\u00e9ndez dijo: \u201cComo Gobierno estamos preocupados de las personas que m\u00e1s lo necesitan y este programa va en ayuda directa a ellos, de personas que no tienen la posibilidad de mejorar la infraestructura de su casa, de arreglar su ba\u00f1o, mejorar la aislaci\u00f3n, hacer una nueva habitaci\u00f3n o adecuarla para alg\u00fan integrante que tenga dificultad en su movilidad, esto dependiendo de la necesidad. Habitabilidad es un programa que sin duda mejora la calidad de vida de las familias y les entrega m\u00e1s dignidad a sus vidas y sus hogares.\u201d<\/p>\n\n\n\n<p>As\u00ed mismo Almerinda Mansilla Aguilar, beneficiaria que vive con su hija y dos nietos, a qui\u00e9n el programa le arregl\u00f3 su ba\u00f1o expres\u00f3: \u201crealmente daba no se qu\u00e9 cuando llegaba una persona, porque a m\u00ed me daba verg\u00fcenza, pero ahora me lo dejaron bueno, me lo arreglaron\u201d, alegre dijo: \u201cestoy contenta y tambi\u00e9n la gente, las 11 viviendas que arreglaron tambi\u00e9n, yo compart\u00ed con ellos y me contaron que estaban muy contentos, porque que uno lo haga realmente solo, cuesta.\u201d<\/p>\n\n\n\n<p>M\u00e1s de 53 millones de pesos fue la inversi\u00f3n del Estado para materializar por medio de la entrega de un servicio integral, que durante 12 meses cont\u00f3 con talleres de formaci\u00f3n en h\u00e1bitos de vida saludable concerniente al uso y autocuidado de la vivienda y entorno, adem\u00e1s de las soluciones constructivas y de equipamiento en cada hogar.<\/p>\n","protected":false},"excerpt":{"rendered":"<p>Hasta Puerto Natales lleg\u00f3 la Seremi de Desarrollo Social y Familia, Liz Casanueva M\u00e9ndez, para participar de la ceremonia que marc\u00f3 el hito de t\u00e9rmino del programa Habitabilidad de FOSIS,&#8230; <a class=\"read-more\" href=\"https:\/\/www.radiopresidenteibanez.cl\/web\/terminadas-las-obras-en-puerto-natales-de-las-familias-beneficiarias-del-programa-de-habitabilidad\/\">Leer m\u00e1s<\/a><\/p>\n","protected":false},"author":2,"featured_media":9350,"comment_status":"closed","ping_status":"closed","sticky":false,"template":"","format":"standard","meta":{"footnotes":""},"categories":[1],"tags":[],"class_list":["post-9349","post","type-post","status-publish","format-standard","has-post-thumbnail","hentry","category-cronica"],"_links":{"self":[{"href":"https:\/\/www.radiopresidenteibanez.cl\/web\/wp-json\/wp\/v2\/posts\/9349","targetHints":{"allow":["GET"]}}],"collection":[{"href":"https:\/\/www.radiopresidenteibanez.cl\/web\/wp-json\/wp\/v2\/posts"}],"about":[{"href":"https:\/\/www.radiopresidenteibanez.cl\/web\/wp-json\/wp\/v2\/types\/post"}],"author":[{"embeddable":true,"href":"https:\/\/www.radiopresidenteibanez.cl\/web\/wp-json\/wp\/v2\/users\/2"}],"replies":[{"embeddable":true,"href":"https:\/\/www.radiopresidenteibanez.cl\/web\/wp-json\/wp\/v2\/comments?post=9349"}],"version-history":[{"count":0,"href":"https:\/\/www.radiopresidenteibanez.cl\/web\/wp-json\/wp\/v2\/posts\/9349\/revisions"}],"wp:featuredmedia":[{"embeddable":true,"href":"https:\/\/www.radiopresidenteibanez.cl\/web\/wp-json\/wp\/v2\/media\/9350"}],"wp:attachment":[{"href":"https:\/\/www.radiopresidenteibanez.cl\/web\/wp-json\/wp\/v2\/media?parent=9349"}],"wp:term":[{"taxonomy":"category","embeddable":true,"href":"https:\/\/www.radiopresidenteibanez.cl\/web\/wp-json\/wp\/v2\/categories?post=9349"},{"taxonomy":"post_tag","embeddable":true,"href":"https:\/\/www.radiopresidenteibanez.cl\/web\/wp-json\/wp\/v2\/tags?post=9349"}],"curies":[{"name":"wp","href":"https:\/\/api.w.org\/{rel}","templated":true}]}}