{"id":9346,"date":"2020-01-27T18:13:59","date_gmt":"2020-01-27T18:13:59","guid":{"rendered":"https:\/\/www.radiopresidenteibanez.cl\/web\/?p=9346"},"modified":"2020-01-27T18:14:02","modified_gmt":"2020-01-27T18:14:02","slug":"senador-carlos-bianchi-repudio-hechos-vandalicos-en-punta-arenas-y-llamo-a-carabineros-a-cumplir-su-rol","status":"publish","type":"post","link":"https:\/\/www.radiopresidenteibanez.cl\/web\/senador-carlos-bianchi-repudio-hechos-vandalicos-en-punta-arenas-y-llamo-a-carabineros-a-cumplir-su-rol\/","title":{"rendered":"SENADOR CARLOS BIANCHI REPUDI\u00d3 HECHOS VAND\u00c1LICOS EN PUNTA ARENAS Y LLAM\u00d3 A CARABINEROS A CUMPLIR SU ROL"},"content":{"rendered":"\n<p>El\nsenador de Magallanes Carlos Bianchi, se comunic\u00f3 con el jefe de la XII zona de\nCarabineros, General Patricio Figueroa a quien le expres\u00f3 la preocupaci\u00f3n por\nla actuaci\u00f3n policial ante los hechos de violencia ocurridos el fin de semana\nen Punta Arenas y que culminaron sin detenidos.<\/p>\n\n\n\n<p>El\nparlamentario dijo que rechaza de forma categor\u00eda y sin ambig\u00fcedades los actos\nvand\u00e1licos y delictuales que se han producido en Punta Arenas, en particular\nlos ocurrido este fin de semana, donde dijo \u201cllama la atenci\u00f3n que un grupo\nreducido de antisociales hagan desmanes pr\u00e1cticamente en descontrol y no hayan\npersonas detenidas.\u201d<\/p>\n\n\n\n<p>En\neste contexto, dijo Bianchi \u201csin espacios a dudas mi repudio y total rechazo a\nlos actos de violencia que no deben ser tolerados, pero con la misma fuerza el\nllamado es a Carabineros a actuar en el marco de las atribuciones que le\nentrega la ley para proceder a detener a los autores que act\u00faan a la vista de\nlos ciudadanos, no resulta comprensible que no existan detenidos por estos\nhechos.\u201d<\/p>\n\n\n\n<p>Por\nlo anterior el senador Bianchi sostuvo un dialogo con el jefe de la polic\u00eda uniformada\nen Magallanes, a quien le represent\u00f3 la preocupaci\u00f3n por los hechos y le\nrequiri\u00f3 informaci\u00f3n por no existir detenidos, en este contexto el jefe policial\nle inform\u00f3 que si bien no hubo detenidos en flagrancia, los efectivos estan\nabocados a investigar a quienes son los responsables para llegar su detenci\u00f3n y\nser puestos a disposici\u00f3n del Ministerio P\u00fablico.<\/p>\n\n\n\n<p>Bianchi\nformalizar\u00e1 la petici\u00f3n de informes sobre los hechos violentos y la actuaci\u00f3n policial\na trav\u00e9s de oficios que se tramitar\u00e1n a trav\u00e9s de la mesa del senado.\nReiterando que su preocupaci\u00f3n tambi\u00e9n apunta a que se descarte que exista una\n\u201cestrategia\u201d de dejar que los antisociales act\u00faen y haya pasividad de la polic\u00eda\npara posteriormente validar actuaciones que se salgan de los marcos legales. \u201cLa\nviolencia debe ser rechazada en todos sus \u00e1mbitos y la polic\u00eda debe actuar\nconforme a su misi\u00f3n de mantener el orden p\u00fablico.\u201d Concluy\u00f3 el senador Carlos\nBianchi.<\/p>\n","protected":false},"excerpt":{"rendered":"<p>El senador de Magallanes Carlos Bianchi, se comunic\u00f3 con el jefe de la XII zona de Carabineros, General Patricio Figueroa a quien le expres\u00f3 la preocupaci\u00f3n por la actuaci\u00f3n policial&#8230; <a class=\"read-more\" href=\"https:\/\/www.radiopresidenteibanez.cl\/web\/senador-carlos-bianchi-repudio-hechos-vandalicos-en-punta-arenas-y-llamo-a-carabineros-a-cumplir-su-rol\/\">Leer m\u00e1s<\/a><\/p>\n","protected":false},"author":2,"featured_media":1915,"comment_status":"closed","ping_status":"closed","sticky":false,"template":"","format":"standard","meta":{"footnotes":""},"categories":[1],"tags":[],"class_list":["post-9346","post","type-post","status-publish","format-standard","has-post-thumbnail","hentry","category-cronica"],"_links":{"self":[{"href":"https:\/\/www.radiopresidenteibanez.cl\/web\/wp-json\/wp\/v2\/posts\/9346","targetHints":{"allow":["GET"]}}],"collection":[{"href":"https:\/\/www.radiopresidenteibanez.cl\/web\/wp-json\/wp\/v2\/posts"}],"about":[{"href":"https:\/\/www.radiopresidenteibanez.cl\/web\/wp-json\/wp\/v2\/types\/post"}],"author":[{"embeddable":true,"href":"https:\/\/www.radiopresidenteibanez.cl\/web\/wp-json\/wp\/v2\/users\/2"}],"replies":[{"embeddable":true,"href":"https:\/\/www.radiopresidenteibanez.cl\/web\/wp-json\/wp\/v2\/comments?post=9346"}],"version-history":[{"count":0,"href":"https:\/\/www.radiopresidenteibanez.cl\/web\/wp-json\/wp\/v2\/posts\/9346\/revisions"}],"wp:featuredmedia":[{"embeddable":true,"href":"https:\/\/www.radiopresidenteibanez.cl\/web\/wp-json\/wp\/v2\/media\/1915"}],"wp:attachment":[{"href":"https:\/\/www.radiopresidenteibanez.cl\/web\/wp-json\/wp\/v2\/media?parent=9346"}],"wp:term":[{"taxonomy":"category","embeddable":true,"href":"https:\/\/www.radiopresidenteibanez.cl\/web\/wp-json\/wp\/v2\/categories?post=9346"},{"taxonomy":"post_tag","embeddable":true,"href":"https:\/\/www.radiopresidenteibanez.cl\/web\/wp-json\/wp\/v2\/tags?post=9346"}],"curies":[{"name":"wp","href":"https:\/\/api.w.org\/{rel}","templated":true}]}}