{"id":9331,"date":"2020-01-27T14:44:35","date_gmt":"2020-01-27T14:44:35","guid":{"rendered":"https:\/\/www.radiopresidenteibanez.cl\/web\/?p=9331"},"modified":"2020-01-27T14:44:41","modified_gmt":"2020-01-27T14:44:41","slug":"incendio-afecto-a-vivienda-en-el-sector-rio-de-la-mano","status":"publish","type":"post","link":"https:\/\/www.radiopresidenteibanez.cl\/web\/incendio-afecto-a-vivienda-en-el-sector-rio-de-la-mano\/","title":{"rendered":"INCENDIO AFECT\u00d3 A VIVIENDA EN EL SECTOR R\u00cdO DE LA MANO"},"content":{"rendered":"\n<p>Pasadas las\n01:30 horas, hasta una vivienda ubicada en calle Se\u00f1ores al llegar a P\u00e9rez de\nArce en el sector R\u00edo de la Mano, debi\u00f3 concurrir voluntarios de cuatro compa\u00f1\u00edas\nde Bomberos quienes trabajaron arduamente para extinguir las llamas que a esa\nhora consum\u00eda una vivienda de material ligero, y que gracias al actuar bomberil\nsolo provoc\u00f3 da\u00f1os menores a una segunda casa.<\/p>\n\n\n\n<p>Seg\u00fan vecinos\nla vivienda siniestrada era ocupada por personas en situaci\u00f3n de calle, que\nhasta el momento se descarta que hubiesen estado al interior del lugar, las\ncausas del voraz incendio ser\u00e1n materia de investigaci\u00f3n por parte de la\nperitos.<\/p>\n","protected":false},"excerpt":{"rendered":"<p>Pasadas las 01:30 horas, hasta una vivienda ubicada en calle Se\u00f1ores al llegar a P\u00e9rez de Arce en el sector R\u00edo de la Mano, debi\u00f3 concurrir voluntarios de cuatro compa\u00f1\u00edas&#8230; <a class=\"read-more\" href=\"https:\/\/www.radiopresidenteibanez.cl\/web\/incendio-afecto-a-vivienda-en-el-sector-rio-de-la-mano\/\">Leer m\u00e1s<\/a><\/p>\n","protected":false},"author":2,"featured_media":740,"comment_status":"closed","ping_status":"closed","sticky":false,"template":"","format":"standard","meta":{"footnotes":""},"categories":[1],"tags":[],"class_list":["post-9331","post","type-post","status-publish","format-standard","has-post-thumbnail","hentry","category-cronica"],"_links":{"self":[{"href":"https:\/\/www.radiopresidenteibanez.cl\/web\/wp-json\/wp\/v2\/posts\/9331","targetHints":{"allow":["GET"]}}],"collection":[{"href":"https:\/\/www.radiopresidenteibanez.cl\/web\/wp-json\/wp\/v2\/posts"}],"about":[{"href":"https:\/\/www.radiopresidenteibanez.cl\/web\/wp-json\/wp\/v2\/types\/post"}],"author":[{"embeddable":true,"href":"https:\/\/www.radiopresidenteibanez.cl\/web\/wp-json\/wp\/v2\/users\/2"}],"replies":[{"embeddable":true,"href":"https:\/\/www.radiopresidenteibanez.cl\/web\/wp-json\/wp\/v2\/comments?post=9331"}],"version-history":[{"count":0,"href":"https:\/\/www.radiopresidenteibanez.cl\/web\/wp-json\/wp\/v2\/posts\/9331\/revisions"}],"wp:featuredmedia":[{"embeddable":true,"href":"https:\/\/www.radiopresidenteibanez.cl\/web\/wp-json\/wp\/v2\/media\/740"}],"wp:attachment":[{"href":"https:\/\/www.radiopresidenteibanez.cl\/web\/wp-json\/wp\/v2\/media?parent=9331"}],"wp:term":[{"taxonomy":"category","embeddable":true,"href":"https:\/\/www.radiopresidenteibanez.cl\/web\/wp-json\/wp\/v2\/categories?post=9331"},{"taxonomy":"post_tag","embeddable":true,"href":"https:\/\/www.radiopresidenteibanez.cl\/web\/wp-json\/wp\/v2\/tags?post=9331"}],"curies":[{"name":"wp","href":"https:\/\/api.w.org\/{rel}","templated":true}]}}