{"id":9328,"date":"2020-01-27T14:37:51","date_gmt":"2020-01-27T14:37:51","guid":{"rendered":"https:\/\/www.radiopresidenteibanez.cl\/web\/?p=9328"},"modified":"2020-01-27T14:37:55","modified_gmt":"2020-01-27T14:37:55","slug":"seremi-del-trabajo-entrega-elementos-de-proteccion-a-trabajadores-de-la-construccion","status":"publish","type":"post","link":"https:\/\/www.radiopresidenteibanez.cl\/web\/seremi-del-trabajo-entrega-elementos-de-proteccion-a-trabajadores-de-la-construccion\/","title":{"rendered":"SEREMI DEL TRABAJO ENTREGA ELEMENTOS DE PROTECCI\u00d3N A TRABAJADORES DE LA CONSTRUCCI\u00d3N"},"content":{"rendered":"\n<p>Hasta las obras\nde la empresa constructora Jos\u00e9 Cuevas se trasladaron las autoridades de la\ncartera de Trabajo para hacer el lanzamiento de la campa\u00f1a \u201cTrabaja seguro este\nverano\u201d que, a trav\u00e9s de la entrega de elementos de protecci\u00f3n personal, busca\nconcientizar a los trabajadores que operan a la intemperie sobre los riesgos de\nla radiaci\u00f3n UV durante la \u00e9poca estival.<\/p>\n\n\n\n<p>Es as\u00ed que,\nla Seremi del Trabajo, Victoria Cort\u00e9s Schiattino, junto al director regional\ndel Instituto de Seguridad Laboral (ISL), Marcelo Trivi\u00f1o \u00c1lvarez, visitaron a\nlos trabajadores en faena donde conversaron con ellos sobre la importancia del\nautocuidado, haciendo la correspondiente entrega de los kits de protecci\u00f3n\npersonal.<\/p>\n\n\n\n<p>\u201cEstamos en\ncompa\u00f1\u00eda del director del ISL iniciando esta campa\u00f1a de verano que dice\nrelaci\u00f3n con el trabajo seguro en los meses donde tenemos m\u00e1s presencia de los\nrayos del sol. Gracias a la constructora Jos\u00e9 Cuevas y la prevencionista de\nriesgos, que nos permitieron conversar un ratito con los trabajadores y\nentregarles unos kits de seguridad, que buscan reforzar la conciencia respecto\nde lo importante que es protegerse del sol y adoptar todas las medidas para que\nel empleador cuide la salud de los trabajadores\u201d, inform\u00f3 tras hacer entrega de\nmaterial informativo, gorros legionarios y el correspondiente filtro solar a\nlos trabajadores.<\/p>\n\n\n\n<p>Seg\u00fan los\ndatos del ISL, la cifra de accidentabilidad del sector Construcci\u00f3n en\nMagallanes alcanza un 5,99%, por lo que la Seremi aprovech\u00f3 la instancia para\npesquisar y reforzar el uso de medidas de seguridad en todos los \u00e1mbitos de sus\nlabores, a fin de reducir estas cifras en el rubro.<\/p>\n\n\n\n<p>En palabras\nde Trivi\u00f1o, \u201clo m\u00e1s importante es recordar que las medidas de protecci\u00f3n, m\u00e1s\nque consejos, son obligaciones que tiene el empleador. Existen obligaciones\nsobre el cuidado de los trabajadores reguladas por el C\u00f3digo del trabajo y\nleyes espec\u00edficas. En el caso de la radiaci\u00f3n ultravioleta, es la denominada\n\u201cLey Ozono\u201d que entrega al empleador la obligaci\u00f3n de preocuparse de entregar\ninformaci\u00f3n y elementos de protecci\u00f3n personal vinculados a esta materia\u201d.<\/p>\n\n\n\n<p>El director\nrecalc\u00f3 que la medida de protecci\u00f3n m\u00e1s importante es el bloqueador solar, con\nun factor de entre 30 a 50 fps; adem\u00e1s del uso de pantalones y poleras de\nmangas largas, gorros o cascos con protecci\u00f3n de cuello y orejas y la\nutilizaci\u00f3n de gafas con filtro solar siempre que el trabajo lo permita.<\/p>\n\n\n\n<p>Seg\u00fan la\nOrganizaci\u00f3n Mundial de la Salud (OMS), se estima de dos a tres millones los\ncasos de trabajadores con c\u00e1ncer de piel que ocurren al a\u00f1o a nivel mundial.<\/p>\n\n\n\n<p>\u201cAntiguamente,\nlos trabajadores eran m\u00e1s reacios a la utilizaci\u00f3n de estos elementos, pero\ncada d\u00eda son m\u00e1s quienes toman conciencia. Aqu\u00ed mismo constatamos que el\ntrabajador ocupa su filtro, el empleador les entrega los elementos y nosotros,\ncomo ISL, tambi\u00e9n tenemos a disposici\u00f3n de nuestros usuarios estos kits de\nprotecci\u00f3n para quienes lo requieran. Entonces el llamado es a conocer el\nriesgo y asumir la protecci\u00f3n en este tema, no por ser un d\u00eda nublado quiere\ndecir que no haya exposici\u00f3n UV\u201d, agreg\u00f3 Trivi\u00f1o.<\/p>\n\n\n\n<p>Actualmente,\nm\u00e1s de 1.140 trabajadores del \u00e1rea construcci\u00f3n son usuarios del ISL\nMagallanes, por lo que el llamado es a acudir al servicio para solicitar kits\nde protecci\u00f3n y ante cualquier duda en torno a temas de seguridad laboral.<\/p>\n","protected":false},"excerpt":{"rendered":"<p>Hasta las obras de la empresa constructora Jos\u00e9 Cuevas se trasladaron las autoridades de la cartera de Trabajo para hacer el lanzamiento de la campa\u00f1a \u201cTrabaja seguro este verano\u201d que,&#8230; <a class=\"read-more\" href=\"https:\/\/www.radiopresidenteibanez.cl\/web\/seremi-del-trabajo-entrega-elementos-de-proteccion-a-trabajadores-de-la-construccion\/\">Leer m\u00e1s<\/a><\/p>\n","protected":false},"author":2,"featured_media":9329,"comment_status":"closed","ping_status":"closed","sticky":false,"template":"","format":"standard","meta":{"footnotes":""},"categories":[1],"tags":[],"class_list":["post-9328","post","type-post","status-publish","format-standard","has-post-thumbnail","hentry","category-cronica"],"_links":{"self":[{"href":"https:\/\/www.radiopresidenteibanez.cl\/web\/wp-json\/wp\/v2\/posts\/9328","targetHints":{"allow":["GET"]}}],"collection":[{"href":"https:\/\/www.radiopresidenteibanez.cl\/web\/wp-json\/wp\/v2\/posts"}],"about":[{"href":"https:\/\/www.radiopresidenteibanez.cl\/web\/wp-json\/wp\/v2\/types\/post"}],"author":[{"embeddable":true,"href":"https:\/\/www.radiopresidenteibanez.cl\/web\/wp-json\/wp\/v2\/users\/2"}],"replies":[{"embeddable":true,"href":"https:\/\/www.radiopresidenteibanez.cl\/web\/wp-json\/wp\/v2\/comments?post=9328"}],"version-history":[{"count":0,"href":"https:\/\/www.radiopresidenteibanez.cl\/web\/wp-json\/wp\/v2\/posts\/9328\/revisions"}],"wp:featuredmedia":[{"embeddable":true,"href":"https:\/\/www.radiopresidenteibanez.cl\/web\/wp-json\/wp\/v2\/media\/9329"}],"wp:attachment":[{"href":"https:\/\/www.radiopresidenteibanez.cl\/web\/wp-json\/wp\/v2\/media?parent=9328"}],"wp:term":[{"taxonomy":"category","embeddable":true,"href":"https:\/\/www.radiopresidenteibanez.cl\/web\/wp-json\/wp\/v2\/categories?post=9328"},{"taxonomy":"post_tag","embeddable":true,"href":"https:\/\/www.radiopresidenteibanez.cl\/web\/wp-json\/wp\/v2\/tags?post=9328"}],"curies":[{"name":"wp","href":"https:\/\/api.w.org\/{rel}","templated":true}]}}