{"id":9322,"date":"2020-01-27T14:32:54","date_gmt":"2020-01-27T14:32:54","guid":{"rendered":"https:\/\/www.radiopresidenteibanez.cl\/web\/?p=9322"},"modified":"2020-01-27T14:32:59","modified_gmt":"2020-01-27T14:32:59","slug":"volcamiento-en-el-kilometro-50-de-la-ruta-9-norte-dejo-cuatro-personas-lesionadas","status":"publish","type":"post","link":"https:\/\/www.radiopresidenteibanez.cl\/web\/volcamiento-en-el-kilometro-50-de-la-ruta-9-norte-dejo-cuatro-personas-lesionadas\/","title":{"rendered":"VOLCAMIENTO EN EL KIL\u00d3METRO 50 DE LA RUTA 9 NORTE DEJO CUATRO PERSONAS LESIONADAS"},"content":{"rendered":"\n<p>Un volcamiento se produjo este domingo en el kil\u00f3metro 50 de la ruta 9 norte que une Punta Arenas con Puerto Natales, en la oportunidad al interior del veh\u00edculo que se vio afectado dej\u00f3 lesionado a cuatro personas entre ellos una menor de edad, las personas fueron atendidas por voluntarios de Bomberos y personal del Samu quienes posteriormente las trasladaron hasta las dependencias del Hospital Cl\u00ednico de la ciudad.<\/p>\n\n\n\n<p>Una de las afectadas sufri\u00f3 lesiones de car\u00e1cter graves por\nlo debi\u00f3 ser trasladada por Carabineros v\u00eda helic\u00f3ptero y derivada hasta el\ncentro cl\u00ednico.<\/p>\n","protected":false},"excerpt":{"rendered":"<p>Un volcamiento se produjo este domingo en el kil\u00f3metro 50 de la ruta 9 norte que une Punta Arenas con Puerto Natales, en la oportunidad al interior del veh\u00edculo que&#8230; <a class=\"read-more\" href=\"https:\/\/www.radiopresidenteibanez.cl\/web\/volcamiento-en-el-kilometro-50-de-la-ruta-9-norte-dejo-cuatro-personas-lesionadas\/\">Leer m\u00e1s<\/a><\/p>\n","protected":false},"author":2,"featured_media":9323,"comment_status":"closed","ping_status":"closed","sticky":false,"template":"","format":"standard","meta":{"footnotes":""},"categories":[6],"tags":[],"class_list":["post-9322","post","type-post","status-publish","format-standard","has-post-thumbnail","hentry","category-policial"],"_links":{"self":[{"href":"https:\/\/www.radiopresidenteibanez.cl\/web\/wp-json\/wp\/v2\/posts\/9322","targetHints":{"allow":["GET"]}}],"collection":[{"href":"https:\/\/www.radiopresidenteibanez.cl\/web\/wp-json\/wp\/v2\/posts"}],"about":[{"href":"https:\/\/www.radiopresidenteibanez.cl\/web\/wp-json\/wp\/v2\/types\/post"}],"author":[{"embeddable":true,"href":"https:\/\/www.radiopresidenteibanez.cl\/web\/wp-json\/wp\/v2\/users\/2"}],"replies":[{"embeddable":true,"href":"https:\/\/www.radiopresidenteibanez.cl\/web\/wp-json\/wp\/v2\/comments?post=9322"}],"version-history":[{"count":0,"href":"https:\/\/www.radiopresidenteibanez.cl\/web\/wp-json\/wp\/v2\/posts\/9322\/revisions"}],"wp:featuredmedia":[{"embeddable":true,"href":"https:\/\/www.radiopresidenteibanez.cl\/web\/wp-json\/wp\/v2\/media\/9323"}],"wp:attachment":[{"href":"https:\/\/www.radiopresidenteibanez.cl\/web\/wp-json\/wp\/v2\/media?parent=9322"}],"wp:term":[{"taxonomy":"category","embeddable":true,"href":"https:\/\/www.radiopresidenteibanez.cl\/web\/wp-json\/wp\/v2\/categories?post=9322"},{"taxonomy":"post_tag","embeddable":true,"href":"https:\/\/www.radiopresidenteibanez.cl\/web\/wp-json\/wp\/v2\/tags?post=9322"}],"curies":[{"name":"wp","href":"https:\/\/api.w.org\/{rel}","templated":true}]}}