{"id":932,"date":"2019-01-31T14:55:11","date_gmt":"2019-01-31T14:55:11","guid":{"rendered":"http:\/\/www.radiopresidenteibanez.cl\/web\/?p=932"},"modified":"2019-01-31T14:55:18","modified_gmt":"2019-01-31T14:55:18","slug":"yenifer-elass-daniela-panicucci-o-mario-pascual-perfectamente-pueden-ser-candidatos-a-la-alcaldia-fueron-las-palabras-de-antonio-bradasic","status":"publish","type":"post","link":"https:\/\/www.radiopresidenteibanez.cl\/web\/yenifer-elass-daniela-panicucci-o-mario-pascual-perfectamente-pueden-ser-candidatos-a-la-alcaldia-fueron-las-palabras-de-antonio-bradasic\/","title":{"rendered":"\u201cYENIFER ELASS, DANIELA PANICUCCI O MARIO PASCUAL, PERFECTAMENTE PUEDEN SER CANDIDATOS A LA ALCALD\u00cdA\u201d FUERON LAS PALABRAS DE ANTONIO BRADASIC"},"content":{"rendered":"\n<p>En el programa \u201cTiempo Libre\u201d conducido por Cristofer Hern\u00e1ndez, el actual Consejero Regional por Magallanes, Antonio Bradasic se refiri\u00f3 a los temas regionales que afectan al actual Gobierno Regional as\u00ed tambi\u00e9n lo que ser\u00e1n las elecciones municipales en el a\u00f1o 2020, donde expres\u00f3 que buenos candidatos al municipio podr\u00edan ser, la ex candidata a diputada y directora de INJUV, Yenifer Elass, la actual concejala por Punta Arenas, Daniela Panicucci o Mario Pascual.<\/p>\n\n\n\n<figure class=\"wp-block-embed-facebook wp-block-embed is-type-video is-provider-facebook\"><div class=\"wp-block-embed__wrapper\">\nhttps:\/\/www.facebook.com\/287588041574\/videos\/315449612439412\/?eid=ARDctvorT55WgOchHDdfPUvHU-TkUcIXqrYxjwxjARgosIMiJriDoGZZSNLoBMRHX9oPY3aJ60eNNpgr\n<\/div><\/figure>\n","protected":false},"excerpt":{"rendered":"<p>En el programa \u201cTiempo Libre\u201d conducido por Cristofer Hern\u00e1ndez, el actual Consejero Regional por Magallanes, Antonio Bradasic se refiri\u00f3 a los temas regionales que afectan al actual Gobierno Regional as\u00ed&#8230; <a class=\"read-more\" href=\"https:\/\/www.radiopresidenteibanez.cl\/web\/yenifer-elass-daniela-panicucci-o-mario-pascual-perfectamente-pueden-ser-candidatos-a-la-alcaldia-fueron-las-palabras-de-antonio-bradasic\/\">Leer m\u00e1s<\/a><\/p>\n","protected":false},"author":2,"featured_media":933,"comment_status":"closed","ping_status":"closed","sticky":false,"template":"","format":"standard","meta":{"footnotes":""},"categories":[1,5,36],"tags":[],"class_list":["post-932","post","type-post","status-publish","format-standard","has-post-thumbnail","hentry","category-cronica","category-politica","category-videos"],"_links":{"self":[{"href":"https:\/\/www.radiopresidenteibanez.cl\/web\/wp-json\/wp\/v2\/posts\/932","targetHints":{"allow":["GET"]}}],"collection":[{"href":"https:\/\/www.radiopresidenteibanez.cl\/web\/wp-json\/wp\/v2\/posts"}],"about":[{"href":"https:\/\/www.radiopresidenteibanez.cl\/web\/wp-json\/wp\/v2\/types\/post"}],"author":[{"embeddable":true,"href":"https:\/\/www.radiopresidenteibanez.cl\/web\/wp-json\/wp\/v2\/users\/2"}],"replies":[{"embeddable":true,"href":"https:\/\/www.radiopresidenteibanez.cl\/web\/wp-json\/wp\/v2\/comments?post=932"}],"version-history":[{"count":0,"href":"https:\/\/www.radiopresidenteibanez.cl\/web\/wp-json\/wp\/v2\/posts\/932\/revisions"}],"wp:featuredmedia":[{"embeddable":true,"href":"https:\/\/www.radiopresidenteibanez.cl\/web\/wp-json\/wp\/v2\/media\/933"}],"wp:attachment":[{"href":"https:\/\/www.radiopresidenteibanez.cl\/web\/wp-json\/wp\/v2\/media?parent=932"}],"wp:term":[{"taxonomy":"category","embeddable":true,"href":"https:\/\/www.radiopresidenteibanez.cl\/web\/wp-json\/wp\/v2\/categories?post=932"},{"taxonomy":"post_tag","embeddable":true,"href":"https:\/\/www.radiopresidenteibanez.cl\/web\/wp-json\/wp\/v2\/tags?post=932"}],"curies":[{"name":"wp","href":"https:\/\/api.w.org\/{rel}","templated":true}]}}