{"id":9319,"date":"2020-01-27T14:31:19","date_gmt":"2020-01-27T14:31:19","guid":{"rendered":"https:\/\/www.radiopresidenteibanez.cl\/web\/?p=9319"},"modified":"2020-01-27T14:31:23","modified_gmt":"2020-01-27T14:31:23","slug":"oportuno-actuar-de-carabineros-de-chile-y-sag-ultima-esperanza-permite-dar-tratamiento-a-ejemplar-de-condor-lesionado","status":"publish","type":"post","link":"https:\/\/www.radiopresidenteibanez.cl\/web\/oportuno-actuar-de-carabineros-de-chile-y-sag-ultima-esperanza-permite-dar-tratamiento-a-ejemplar-de-condor-lesionado\/","title":{"rendered":"OPORTUNO ACTUAR DE CARABINEROS DE CHILE Y SAG \u00daLTIMA ESPERANZA PERMITE DAR TRATAMIENTO A EJEMPLAR DE C\u00d3NDOR LESIONADO"},"content":{"rendered":"\n<p>Durante la jornada de este jueves, personal de Carabineros de la tenencia de Cerro Guido, alert\u00f3 a la oficina SAG ubicada en la localidad de Puerto Natales, sobre un esp\u00e9cimen de c\u00f3ndor&nbsp;<em>(Vultur gryphus<\/em><em>),&nbsp;<\/em>que deambulaba por los alrededores de la Ruta 9, con una evidente lesi\u00f3n en el ala derecha, que le impedir\u00eda volar.<\/p>\n\n\n\n<p>Tras el llamado, el jefe de la oficina provincial de SAG \u00daltima Esperanza, Alejandro Canales Hellmer, dispuso del traslado inmediato del ave hasta la capital regional de Magallanes, Punta Arenas, a fin de que fuera evaluado por un equipo de especialistas en rehabilitaci\u00f3n.<\/p>\n\n\n\n<p>\u201cSi bien en una primera instancia, el esp\u00e9cimen se mostraba bien activo y alerta, tras la evaluaci\u00f3n de los especialistas se constat\u00f3 que el ave se encontraba bajo su peso normal, cerca de 7 kilos, y adem\u00e1s, se encontraba afectada por par\u00e1sitos externos (piojos), por lo que junto con realizar radiograf\u00edas para tener un diagn\u00f3stico certero de la lesi\u00f3n, los primeros cuidados se centrar\u00e1n en alimentar al animal a fin de mejorar su condici\u00f3n corporal, y en dar un tratamiento antiparasitario a fin de evitar reacciones al\u00e9rgicas, infecciones, malestar y otras dolencias, que esta infestaci\u00f3n pudieran provocarle\u201d, se\u00f1al\u00f3 el jefe provincial.<\/p>\n\n\n\n<p>Si bien a\u00fan no hay certeza del tipo de lesi\u00f3n que habr\u00eda afectado al alado, ya que se necesita evaluar y estudiar tanto al ejemplar como las radiograf\u00edas que le fueron tomadas, la primera recomendaci\u00f3n de los especialistas fue mantenerla aislada durante los primeros d\u00edas, a fin de evitar el estr\u00e9s que pudiera provocarle este per\u00edodo de adaptaci\u00f3n al cautiverio al que ser\u00e1 sometida mientras dure su recuperaci\u00f3n.<\/p>\n\n\n\n<p>\u201cNuestra intenci\u00f3n es, ojal\u00e1, devolverla a su h\u00e1bitat natural, en el mismo sector donde fue encontrada, sin embargo, y dependiendo de c\u00f3mo evolucione, se evaluar\u00e1 la mejor alternativa para el futuro de esta simb\u00f3lica e imponente ave rapaz\u201d, puntualiz\u00f3 Canales.<\/p>\n","protected":false},"excerpt":{"rendered":"<p>Durante la jornada de este jueves, personal de Carabineros de la tenencia de Cerro Guido, alert\u00f3 a la oficina SAG ubicada en la localidad de Puerto Natales, sobre un esp\u00e9cimen&#8230; <a class=\"read-more\" href=\"https:\/\/www.radiopresidenteibanez.cl\/web\/oportuno-actuar-de-carabineros-de-chile-y-sag-ultima-esperanza-permite-dar-tratamiento-a-ejemplar-de-condor-lesionado\/\">Leer m\u00e1s<\/a><\/p>\n","protected":false},"author":2,"featured_media":9320,"comment_status":"closed","ping_status":"closed","sticky":false,"template":"","format":"standard","meta":{"footnotes":""},"categories":[1],"tags":[],"class_list":["post-9319","post","type-post","status-publish","format-standard","has-post-thumbnail","hentry","category-cronica"],"_links":{"self":[{"href":"https:\/\/www.radiopresidenteibanez.cl\/web\/wp-json\/wp\/v2\/posts\/9319","targetHints":{"allow":["GET"]}}],"collection":[{"href":"https:\/\/www.radiopresidenteibanez.cl\/web\/wp-json\/wp\/v2\/posts"}],"about":[{"href":"https:\/\/www.radiopresidenteibanez.cl\/web\/wp-json\/wp\/v2\/types\/post"}],"author":[{"embeddable":true,"href":"https:\/\/www.radiopresidenteibanez.cl\/web\/wp-json\/wp\/v2\/users\/2"}],"replies":[{"embeddable":true,"href":"https:\/\/www.radiopresidenteibanez.cl\/web\/wp-json\/wp\/v2\/comments?post=9319"}],"version-history":[{"count":0,"href":"https:\/\/www.radiopresidenteibanez.cl\/web\/wp-json\/wp\/v2\/posts\/9319\/revisions"}],"wp:featuredmedia":[{"embeddable":true,"href":"https:\/\/www.radiopresidenteibanez.cl\/web\/wp-json\/wp\/v2\/media\/9320"}],"wp:attachment":[{"href":"https:\/\/www.radiopresidenteibanez.cl\/web\/wp-json\/wp\/v2\/media?parent=9319"}],"wp:term":[{"taxonomy":"category","embeddable":true,"href":"https:\/\/www.radiopresidenteibanez.cl\/web\/wp-json\/wp\/v2\/categories?post=9319"},{"taxonomy":"post_tag","embeddable":true,"href":"https:\/\/www.radiopresidenteibanez.cl\/web\/wp-json\/wp\/v2\/tags?post=9319"}],"curies":[{"name":"wp","href":"https:\/\/api.w.org\/{rel}","templated":true}]}}