{"id":9316,"date":"2020-01-27T14:20:33","date_gmt":"2020-01-27T14:20:33","guid":{"rendered":"https:\/\/www.radiopresidenteibanez.cl\/web\/?p=9316"},"modified":"2020-01-27T14:20:36","modified_gmt":"2020-01-27T14:20:36","slug":"alcalde-radonich-reitero-solicitud-al-gobierno-para-aumentar-dotacion-de-carabineros","status":"publish","type":"post","link":"https:\/\/www.radiopresidenteibanez.cl\/web\/alcalde-radonich-reitero-solicitud-al-gobierno-para-aumentar-dotacion-de-carabineros\/","title":{"rendered":"ALCALDE RADONICH REITER\u00d3 SOLICITUD AL GOBIERNO PARA AUMENTAR DOTACI\u00d3N DE CARABINEROS"},"content":{"rendered":"\n<p>Durante los \u00faltimos a\u00f1os, la dotaci\u00f3n de Carabineros en nuestra ciudad ha disminuido en un 10 por ciento aproximadamente, por lo que el Alcalde Claudio Radonich expres\u00f3 su preocupaci\u00f3n y solicit\u00f3 revisar dicha situaci\u00f3n.<\/p>\n\n\n\n<p>\u201cValoro el esfuerzo que hace Carabineros en nuestra ciudad, pero es necesario recuperar las cifras en Punta Arenas, con el fin de lograr mayor cobertura en el territorio comunal\u201d, argument\u00f3 Radonich.<\/p>\n\n\n\n<p>\u201cHace un tiempo que hemos reiterado nuestra preocupaci\u00f3n por la baja dotaci\u00f3n de Carabineros que tenemos en nuestra ciudad, as\u00ed que entregamos un oficio al subsecretario del Interior, Juan Francisco Galli, a objeto de que se revise la situaci\u00f3n actual de Punta Arenas\u201d.<\/p>\n\n\n\n<p>A esto, el Alcalde a\u00f1adi\u00f3 que \u201cen lo \u00faltimos &nbsp;3 a\u00f1os han bajado la dotaci\u00f3n, lo que no se condice con la cantidad de poblaci\u00f3n que ha ido en aumento. Hoy tenemos cerca de un 10 por ciento menos de dotaci\u00f3n, raz\u00f3n por la que le pedimos formalmente, que se restablezca la dotaci\u00f3n que hab\u00eda en Punta Arenas el a\u00f1o 2017\u201d.<\/p>\n\n\n\n<p>Finalmente, la autoridad local tambi\u00e9n reiter\u00f3 dicha solicitud a la Subsecretaria de Prevenci\u00f3n del Delito, Katherine Martorell con quien, igualmente, se reuni\u00f3 en la capital.<\/p>\n","protected":false},"excerpt":{"rendered":"<p>Durante los \u00faltimos a\u00f1os, la dotaci\u00f3n de Carabineros en nuestra ciudad ha disminuido en un 10 por ciento aproximadamente, por lo que el Alcalde Claudio Radonich expres\u00f3 su preocupaci\u00f3n y&#8230; <a class=\"read-more\" href=\"https:\/\/www.radiopresidenteibanez.cl\/web\/alcalde-radonich-reitero-solicitud-al-gobierno-para-aumentar-dotacion-de-carabineros\/\">Leer m\u00e1s<\/a><\/p>\n","protected":false},"author":2,"featured_media":9317,"comment_status":"closed","ping_status":"closed","sticky":false,"template":"","format":"standard","meta":{"footnotes":""},"categories":[1],"tags":[],"class_list":["post-9316","post","type-post","status-publish","format-standard","has-post-thumbnail","hentry","category-cronica"],"_links":{"self":[{"href":"https:\/\/www.radiopresidenteibanez.cl\/web\/wp-json\/wp\/v2\/posts\/9316","targetHints":{"allow":["GET"]}}],"collection":[{"href":"https:\/\/www.radiopresidenteibanez.cl\/web\/wp-json\/wp\/v2\/posts"}],"about":[{"href":"https:\/\/www.radiopresidenteibanez.cl\/web\/wp-json\/wp\/v2\/types\/post"}],"author":[{"embeddable":true,"href":"https:\/\/www.radiopresidenteibanez.cl\/web\/wp-json\/wp\/v2\/users\/2"}],"replies":[{"embeddable":true,"href":"https:\/\/www.radiopresidenteibanez.cl\/web\/wp-json\/wp\/v2\/comments?post=9316"}],"version-history":[{"count":0,"href":"https:\/\/www.radiopresidenteibanez.cl\/web\/wp-json\/wp\/v2\/posts\/9316\/revisions"}],"wp:featuredmedia":[{"embeddable":true,"href":"https:\/\/www.radiopresidenteibanez.cl\/web\/wp-json\/wp\/v2\/media\/9317"}],"wp:attachment":[{"href":"https:\/\/www.radiopresidenteibanez.cl\/web\/wp-json\/wp\/v2\/media?parent=9316"}],"wp:term":[{"taxonomy":"category","embeddable":true,"href":"https:\/\/www.radiopresidenteibanez.cl\/web\/wp-json\/wp\/v2\/categories?post=9316"},{"taxonomy":"post_tag","embeddable":true,"href":"https:\/\/www.radiopresidenteibanez.cl\/web\/wp-json\/wp\/v2\/tags?post=9316"}],"curies":[{"name":"wp","href":"https:\/\/api.w.org\/{rel}","templated":true}]}}