{"id":9291,"date":"2020-01-23T19:19:46","date_gmt":"2020-01-23T19:19:46","guid":{"rendered":"https:\/\/www.radiopresidenteibanez.cl\/web\/?p=9291"},"modified":"2020-01-23T19:19:50","modified_gmt":"2020-01-23T19:19:50","slug":"en-porvenir-se-realizo-entrega-del-informe-del-plan-de-desarrollo-turistico-pladetur-que-contempla-las-tres-comunas-de-tierra-del-fuego","status":"publish","type":"post","link":"https:\/\/www.radiopresidenteibanez.cl\/web\/en-porvenir-se-realizo-entrega-del-informe-del-plan-de-desarrollo-turistico-pladetur-que-contempla-las-tres-comunas-de-tierra-del-fuego\/","title":{"rendered":"EN PORVENIR SE REALIZ\u00d3 ENTREGA DEL INFORME DEL PLAN DE DESARROLLO TUR\u00cdSTICO (PLADETUR) QUE CONTEMPLA LAS TRES COMUNAS DE TIERRA DEL FUEGO"},"content":{"rendered":"\n<p>El plan de desarrollo tur\u00edstico (PLADETUR)\nde Tierra del Fuego, consta de cinco fases el primero fue levantar un\ndiagnostico de la situaci\u00f3n actual en materia tur\u00edstica en las tres comunas que\ncomponen la provincia de Tierra del Fuego, luego se gener\u00f3 acciones para una\nplanificaci\u00f3n estrat\u00e9gica asociado al fortalecimiento de una gobernanza para el\ndestino que le diera la continuidad a este plan y finalmente las \u00faltimas etapas\ndel proyecto consistieron en generar seguimiento y control del mismo plan.<\/p>\n\n\n\n<p>Parte de la planificaci\u00f3n que se ha\ndesarrollado ligada a este plan de desarrollo tur\u00edstico, es poder ir sentando\nlas bases para que el destino y desarrollo tur\u00edstico pueda ir logrando el posicionamiento\npara que se conozca a nivel internacional Tierra del Fuego, no solo por\nUshuaia, si no que adem\u00e1s por el turismo de esta zona y para eso hay una serie\nde estrategias promocionales que son parte de acciones de desarrollo de\ninfraestructura, sustentabilidad y capital humano.<\/p>\n\n\n\n<p>La Alcaldesa de Porvenir Marisol Andrade\nC\u00e1rdenas, sobre este informe se\u00f1al\u00f3 \u201choy finaliz\u00f3 una etapa de un trabajo\ndesarrollado durante m\u00e1s de un a\u00f1o, donde los tres municipios de la provincia\nde Tierra del fuego nos unimos para conformar y realizar un plan de desarrollo\ntur\u00edstico sustentable para Tierra de Fuego\u201d.<\/p>\n\n\n\n<p>La autoridad edilicia, agradeci\u00f3 el\ntrabajo realizado por la consultora y a\u00f1adi\u00f3 \u201cque esto va a ser una gu\u00eda, un\nplan maestro para desarrollar el turismo tanto en la comuna de Porvenir como en\ntoda la Tierra del Fuego y especialmente pienso en nuestros alumnos del liceo\nen la cual tenemos la carrera de turismo y que para ellos va ser parte\nfundamental tener conocimiento de este plan de desarrollo tur\u00edstico de la Tierra\ndel Fuego, que tiene una duraci\u00f3n de cinco a\u00f1os y por consecuencia estamos\niniciando un sue\u00f1o de desarrollo de fomento productivo que la isla ten\u00eda de\nhace muchos a\u00f1os y por fin hemos plasmado este plan de desarrollo tur\u00edstico en\nla provincia de Tierra del Fuego\u201d.<\/p>\n\n\n\n<p>La jefa comunal agreg\u00f3 estar muy\ncomplacida por el trabajo realizado tanto por los funcionarios de cada\nmunicipalidad, por el apoyo recibido a trav\u00e9s de todos los concejos municipales\ny por supuesto el trabajo unido de los tres alcaldes fueguinos.<\/p>\n","protected":false},"excerpt":{"rendered":"<p>El plan de desarrollo tur\u00edstico (PLADETUR) de Tierra del Fuego, consta de cinco fases el primero fue levantar un diagnostico de la situaci\u00f3n actual en materia tur\u00edstica en las tres&#8230; <a class=\"read-more\" href=\"https:\/\/www.radiopresidenteibanez.cl\/web\/en-porvenir-se-realizo-entrega-del-informe-del-plan-de-desarrollo-turistico-pladetur-que-contempla-las-tres-comunas-de-tierra-del-fuego\/\">Leer m\u00e1s<\/a><\/p>\n","protected":false},"author":2,"featured_media":9292,"comment_status":"closed","ping_status":"closed","sticky":false,"template":"","format":"standard","meta":{"footnotes":""},"categories":[1],"tags":[],"class_list":["post-9291","post","type-post","status-publish","format-standard","has-post-thumbnail","hentry","category-cronica"],"_links":{"self":[{"href":"https:\/\/www.radiopresidenteibanez.cl\/web\/wp-json\/wp\/v2\/posts\/9291","targetHints":{"allow":["GET"]}}],"collection":[{"href":"https:\/\/www.radiopresidenteibanez.cl\/web\/wp-json\/wp\/v2\/posts"}],"about":[{"href":"https:\/\/www.radiopresidenteibanez.cl\/web\/wp-json\/wp\/v2\/types\/post"}],"author":[{"embeddable":true,"href":"https:\/\/www.radiopresidenteibanez.cl\/web\/wp-json\/wp\/v2\/users\/2"}],"replies":[{"embeddable":true,"href":"https:\/\/www.radiopresidenteibanez.cl\/web\/wp-json\/wp\/v2\/comments?post=9291"}],"version-history":[{"count":0,"href":"https:\/\/www.radiopresidenteibanez.cl\/web\/wp-json\/wp\/v2\/posts\/9291\/revisions"}],"wp:featuredmedia":[{"embeddable":true,"href":"https:\/\/www.radiopresidenteibanez.cl\/web\/wp-json\/wp\/v2\/media\/9292"}],"wp:attachment":[{"href":"https:\/\/www.radiopresidenteibanez.cl\/web\/wp-json\/wp\/v2\/media?parent=9291"}],"wp:term":[{"taxonomy":"category","embeddable":true,"href":"https:\/\/www.radiopresidenteibanez.cl\/web\/wp-json\/wp\/v2\/categories?post=9291"},{"taxonomy":"post_tag","embeddable":true,"href":"https:\/\/www.radiopresidenteibanez.cl\/web\/wp-json\/wp\/v2\/tags?post=9291"}],"curies":[{"name":"wp","href":"https:\/\/api.w.org\/{rel}","templated":true}]}}