{"id":9289,"date":"2020-01-23T19:17:31","date_gmt":"2020-01-23T19:17:31","guid":{"rendered":"https:\/\/www.radiopresidenteibanez.cl\/web\/?p=9289"},"modified":"2020-01-23T19:17:35","modified_gmt":"2020-01-23T19:17:35","slug":"ministro-monckeberg-por-problema-de-plan-regulador-en-punta-arenas-las-viviendas-seran-una-realidad","status":"publish","type":"post","link":"https:\/\/www.radiopresidenteibanez.cl\/web\/ministro-monckeberg-por-problema-de-plan-regulador-en-punta-arenas-las-viviendas-seran-una-realidad\/","title":{"rendered":"MINISTRO MONCKEBERG POR PROBLEMA DE PLAN REGULADOR EN PUNTA ARENAS: \u201cLAS VIVIENDAS SER\u00c1N UNA REALIDAD\u201d"},"content":{"rendered":"\n<p>Tranquilidad a las familias que puedan verse perjudicadas por el problema de aplicaci\u00f3n del Plan Regulador Comunal de Punta Arenas busc\u00f3 transmitir hoy el ministro de Vivienda y Urbanismo, Cristi\u00e1n Monckeberg, tras reunirse con el alcalde de la comuna Claudio Radonich.<\/p>\n\n\n\n<p>Y es que el titular del Minvu explic\u00f3 que pese a que \u201cexiste un problema con la aplicaci\u00f3n del Plan Regulador de la ciudad de Punta Arenas, desde ya tengo que afirmar que junto al alcalde Radonich hemos hecho una presentaci\u00f3n a la Contralor\u00eda buscando la soluci\u00f3n definitiva a la aplicaci\u00f3n del Plan Regulador\u201d.<\/p>\n\n\n\n<p>En esa l\u00ednea, el secretario de Estado afirm\u00f3 que \u201cqueremos una ciudad m\u00e1s integrada, queremos solucionarles el problema a muchos vecinos y vamos a avanzar en soluciones conjuntas. Nos vamos a encargar, en el caso m\u00edo, personalmente, de ayudar al alcalde con argumentos que permitan una soluci\u00f3n de la aplicaci\u00f3n del Plano Regulador\u201d.<\/p>\n\n\n\n<p>As\u00ed, el ministro envi\u00f3 tambi\u00e9n un mensaje a las familias con necesidades habitacionales de la ciudad, al se\u00f1alar que \u201ca los vecinos que se puedan ver afectados por el tema, quiero darles la tranquilidad que frente a las vicisitudes y los problemas que han surgido vamos a lograr concretar el objetivo de los proyectos definitivos y que sus viviendas sean una realidad\u201d.<\/p>\n\n\n\n<p>\u201cEstamos trabajando en conjunto ministerio y municipalidad para sacar adelante el desarrollo de la ciudad y mejorar la calidad de vida de los puntarenenses\u201d, remat\u00f3 el titular del Minvu.<\/p>\n","protected":false},"excerpt":{"rendered":"<p>Tranquilidad a las familias que puedan verse perjudicadas por el problema de aplicaci\u00f3n del Plan Regulador Comunal de Punta Arenas busc\u00f3 transmitir hoy el ministro de Vivienda y Urbanismo, Cristi\u00e1n&#8230; <a class=\"read-more\" href=\"https:\/\/www.radiopresidenteibanez.cl\/web\/ministro-monckeberg-por-problema-de-plan-regulador-en-punta-arenas-las-viviendas-seran-una-realidad\/\">Leer m\u00e1s<\/a><\/p>\n","protected":false},"author":2,"featured_media":740,"comment_status":"closed","ping_status":"closed","sticky":false,"template":"","format":"standard","meta":{"footnotes":""},"categories":[1],"tags":[],"class_list":["post-9289","post","type-post","status-publish","format-standard","has-post-thumbnail","hentry","category-cronica"],"_links":{"self":[{"href":"https:\/\/www.radiopresidenteibanez.cl\/web\/wp-json\/wp\/v2\/posts\/9289","targetHints":{"allow":["GET"]}}],"collection":[{"href":"https:\/\/www.radiopresidenteibanez.cl\/web\/wp-json\/wp\/v2\/posts"}],"about":[{"href":"https:\/\/www.radiopresidenteibanez.cl\/web\/wp-json\/wp\/v2\/types\/post"}],"author":[{"embeddable":true,"href":"https:\/\/www.radiopresidenteibanez.cl\/web\/wp-json\/wp\/v2\/users\/2"}],"replies":[{"embeddable":true,"href":"https:\/\/www.radiopresidenteibanez.cl\/web\/wp-json\/wp\/v2\/comments?post=9289"}],"version-history":[{"count":0,"href":"https:\/\/www.radiopresidenteibanez.cl\/web\/wp-json\/wp\/v2\/posts\/9289\/revisions"}],"wp:featuredmedia":[{"embeddable":true,"href":"https:\/\/www.radiopresidenteibanez.cl\/web\/wp-json\/wp\/v2\/media\/740"}],"wp:attachment":[{"href":"https:\/\/www.radiopresidenteibanez.cl\/web\/wp-json\/wp\/v2\/media?parent=9289"}],"wp:term":[{"taxonomy":"category","embeddable":true,"href":"https:\/\/www.radiopresidenteibanez.cl\/web\/wp-json\/wp\/v2\/categories?post=9289"},{"taxonomy":"post_tag","embeddable":true,"href":"https:\/\/www.radiopresidenteibanez.cl\/web\/wp-json\/wp\/v2\/tags?post=9289"}],"curies":[{"name":"wp","href":"https:\/\/api.w.org\/{rel}","templated":true}]}}