{"id":928,"date":"2019-01-31T01:56:25","date_gmt":"2019-01-31T01:56:25","guid":{"rendered":"http:\/\/www.radiopresidenteibanez.cl\/web\/?p=928"},"modified":"2019-01-31T01:59:33","modified_gmt":"2019-01-31T01:59:33","slug":"hombre-fallecio-aplastado-por-vehiculo-mientras-le-realizaba-reparaciones","status":"publish","type":"post","link":"https:\/\/www.radiopresidenteibanez.cl\/web\/hombre-fallecio-aplastado-por-vehiculo-mientras-le-realizaba-reparaciones\/","title":{"rendered":"HOMBRE FALLECI\u00d3 APLASTADO POR VEH\u00cdCULO MIENTRAS LE REALIZABA REPARACIONES"},"content":{"rendered":"\n<p>Pasada las 21 horas una lamentable noticia se dio a conocer, en la oportunidad se inform\u00f3 que en el sector del pasaje Rancagua, un hombre hab\u00eda sido aplastado por un veh\u00edculo de gran dimensi\u00f3n, hasta el lugar debieron concurrir voluntarios de la 4ta Compa\u00f1\u00eda de Bomberos, personal del Samu y Carabineros. <\/p>\n\n\n\n<p>En la ocasi\u00f3n se le realizaron las maniobras de reanimaci\u00f3n por parte del Samu lo cu\u00e1l lamentablemente fueron en vano. <\/p>\n\n\n\n<p>El hombre de 55 a\u00f1os fue identificado como Jos\u00e9 Diaz S\u00e1nchez, quien cabe mencionar que fue presidente del sindicato de trabajadores de Servitrans.<\/p>\n\n\n\n<p>Personal policial se encuentra realizando las pericias correspondientes del caso. <\/p>\n","protected":false},"excerpt":{"rendered":"<p>Pasada las 21 horas una lamentable noticia se dio a conocer, en la oportunidad se inform\u00f3 que en el sector del pasaje Rancagua, un hombre hab\u00eda sido aplastado por un&#8230; <a class=\"read-more\" href=\"https:\/\/www.radiopresidenteibanez.cl\/web\/hombre-fallecio-aplastado-por-vehiculo-mientras-le-realizaba-reparaciones\/\">Leer m\u00e1s<\/a><\/p>\n","protected":false},"author":2,"featured_media":929,"comment_status":"closed","ping_status":"closed","sticky":false,"template":"","format":"standard","meta":{"footnotes":""},"categories":[6],"tags":[],"class_list":["post-928","post","type-post","status-publish","format-standard","has-post-thumbnail","hentry","category-policial"],"_links":{"self":[{"href":"https:\/\/www.radiopresidenteibanez.cl\/web\/wp-json\/wp\/v2\/posts\/928","targetHints":{"allow":["GET"]}}],"collection":[{"href":"https:\/\/www.radiopresidenteibanez.cl\/web\/wp-json\/wp\/v2\/posts"}],"about":[{"href":"https:\/\/www.radiopresidenteibanez.cl\/web\/wp-json\/wp\/v2\/types\/post"}],"author":[{"embeddable":true,"href":"https:\/\/www.radiopresidenteibanez.cl\/web\/wp-json\/wp\/v2\/users\/2"}],"replies":[{"embeddable":true,"href":"https:\/\/www.radiopresidenteibanez.cl\/web\/wp-json\/wp\/v2\/comments?post=928"}],"version-history":[{"count":0,"href":"https:\/\/www.radiopresidenteibanez.cl\/web\/wp-json\/wp\/v2\/posts\/928\/revisions"}],"wp:featuredmedia":[{"embeddable":true,"href":"https:\/\/www.radiopresidenteibanez.cl\/web\/wp-json\/wp\/v2\/media\/929"}],"wp:attachment":[{"href":"https:\/\/www.radiopresidenteibanez.cl\/web\/wp-json\/wp\/v2\/media?parent=928"}],"wp:term":[{"taxonomy":"category","embeddable":true,"href":"https:\/\/www.radiopresidenteibanez.cl\/web\/wp-json\/wp\/v2\/categories?post=928"},{"taxonomy":"post_tag","embeddable":true,"href":"https:\/\/www.radiopresidenteibanez.cl\/web\/wp-json\/wp\/v2\/tags?post=928"}],"curies":[{"name":"wp","href":"https:\/\/api.w.org\/{rel}","templated":true}]}}