{"id":9272,"date":"2020-01-22T21:58:30","date_gmt":"2020-01-22T21:58:30","guid":{"rendered":"https:\/\/www.radiopresidenteibanez.cl\/web\/?p=9272"},"modified":"2020-01-22T21:58:34","modified_gmt":"2020-01-22T21:58:34","slug":"psh-cabrales-realiza-cambio-de-mando-y-cierra-el-2019-como-el-ano-con-mas-millas-navegadas-desde-su-arribo-a-la-tercera-zona-naval","status":"publish","type":"post","link":"https:\/\/www.radiopresidenteibanez.cl\/web\/psh-cabrales-realiza-cambio-de-mando-y-cierra-el-2019-como-el-ano-con-mas-millas-navegadas-desde-su-arribo-a-la-tercera-zona-naval\/","title":{"rendered":"PSH CABRALES REALIZA CAMBIO DE MANDO Y CIERRA EL 2019 COMO EL A\u00d1O CON M\u00c1S MILLAS NAVEGADAS DESDE SU ARRIBO A LA TERCERA ZONA NAVAL"},"content":{"rendered":"\n<p>En las dependencias del muelle \u201cCapit\u00e1n Guillermos\u201d en la ciudad de Punta \u00a0Arenas, se desarroll\u00f3 esta ma\u00f1ana la ceremonia de Cambio de Mando del PSH Cabrales. La actividad fue presidida e intervenida por el Comandante en Jefe de la Tercera Zona Naval, Contraalmirante Ronald Baasch y cont\u00f3 con la presencia de Comandantes de Unidades, Jefes de Reparticiones e invitados especiales.<\/p>\n\n\n\n<p>Tras la lectura de resoluci\u00f3n, que dispone las \u00f3rdenes de transbordo el Capit\u00e1n de Fragata, Juan Crist\u00f3bal Sep\u00falveda, hizo entrega del mando al Capit\u00e1n de Corbeta, Mauricio Carrasco.<\/p>\n\n\n\n<p>En su emotivo discurso de despedida, el \u00a0Comandante Sep\u00falveda realiz\u00f3 un recuento de lo que fue su per\u00edodo al mando de la Unidad, destacando principalmente que durante su mandato el \u00a0\u201cCabrales\u201d naveg\u00f3 la mayor cantidad de millas n\u00e1uticas desde su llegada a la Tercera Zona Naval. \u201cLuego del cumplimento de todas las tareas, podemos decir que navegamos un total de 22.500 millas y nos mantuvimos m\u00e1s de 140 d\u00edas fuera de puerto base, as\u00ed nos convertimos en el a\u00f1o que m\u00e1s millas n\u00e1uticas navegadas recorriera este buque desde que fue puesto al servicio de la Instituci\u00f3n desde 1996, que si nunca fue buscado por este Comandante me llena de orgullo y satisfacci\u00f3n\u201d, asegur\u00f3 el Comandante.<\/p>\n\n\n\n<p>Otra de las tareas realizadas por la Unidad fue el sondeo de lugares como Porvenir, Canal Fitz Roy, Canal B\u00e1rbara, Canal Gonz\u00e1lez donde se levant\u00f3 la cartograf\u00eda que no hab\u00eda sido actualizada hace m\u00e1s de 40 a\u00f1os. \u00a0<\/p>\n\n\n\n<p>Adem\u00e1s, el Comandante subray\u00f3 la participaci\u00f3n de la Unidad en la coordinaci\u00f3n del Caso Sar de la Barcaza Navsur IV, \u00a0donde el Cabrales, con su lancha \u201cAlbatros\u201d, realiz\u00f3 junto a la lancha \u201cSciglia\u201d el hallazgo de la embarcaci\u00f3n a m\u00e1s de 106 metros de profundidad. <\/p>\n\n\n\n<p>El Comandante Sep\u00falveda destac\u00f3 que durante todo momento siempre hubo tiempo de distracci\u00f3n para compartir y conversar, recordando que un factor relevante de su gesti\u00f3n fue la de siempre trabajar en equipo, bajo una actitud positiva siempre, sin \u201colvidar los momentos para compartir\u201d, agreg\u00f3.<\/p>\n\n\n\n<p>Finalmente realiz\u00f3 un especial agradecimiento al Comandante en Jefe de la Tercera Zona Naval, por la confianza depositada, a su dotaci\u00f3n y a su familia.<\/p>\n","protected":false},"excerpt":{"rendered":"<p>En las dependencias del muelle \u201cCapit\u00e1n Guillermos\u201d en la ciudad de Punta \u00a0Arenas, se desarroll\u00f3 esta ma\u00f1ana la ceremonia de Cambio de Mando del PSH Cabrales. La actividad fue presidida&#8230; <a class=\"read-more\" href=\"https:\/\/www.radiopresidenteibanez.cl\/web\/psh-cabrales-realiza-cambio-de-mando-y-cierra-el-2019-como-el-ano-con-mas-millas-navegadas-desde-su-arribo-a-la-tercera-zona-naval\/\">Leer m\u00e1s<\/a><\/p>\n","protected":false},"author":2,"featured_media":9273,"comment_status":"closed","ping_status":"closed","sticky":false,"template":"","format":"standard","meta":{"footnotes":""},"categories":[1],"tags":[],"class_list":["post-9272","post","type-post","status-publish","format-standard","has-post-thumbnail","hentry","category-cronica"],"_links":{"self":[{"href":"https:\/\/www.radiopresidenteibanez.cl\/web\/wp-json\/wp\/v2\/posts\/9272","targetHints":{"allow":["GET"]}}],"collection":[{"href":"https:\/\/www.radiopresidenteibanez.cl\/web\/wp-json\/wp\/v2\/posts"}],"about":[{"href":"https:\/\/www.radiopresidenteibanez.cl\/web\/wp-json\/wp\/v2\/types\/post"}],"author":[{"embeddable":true,"href":"https:\/\/www.radiopresidenteibanez.cl\/web\/wp-json\/wp\/v2\/users\/2"}],"replies":[{"embeddable":true,"href":"https:\/\/www.radiopresidenteibanez.cl\/web\/wp-json\/wp\/v2\/comments?post=9272"}],"version-history":[{"count":0,"href":"https:\/\/www.radiopresidenteibanez.cl\/web\/wp-json\/wp\/v2\/posts\/9272\/revisions"}],"wp:featuredmedia":[{"embeddable":true,"href":"https:\/\/www.radiopresidenteibanez.cl\/web\/wp-json\/wp\/v2\/media\/9273"}],"wp:attachment":[{"href":"https:\/\/www.radiopresidenteibanez.cl\/web\/wp-json\/wp\/v2\/media?parent=9272"}],"wp:term":[{"taxonomy":"category","embeddable":true,"href":"https:\/\/www.radiopresidenteibanez.cl\/web\/wp-json\/wp\/v2\/categories?post=9272"},{"taxonomy":"post_tag","embeddable":true,"href":"https:\/\/www.radiopresidenteibanez.cl\/web\/wp-json\/wp\/v2\/tags?post=9272"}],"curies":[{"name":"wp","href":"https:\/\/api.w.org\/{rel}","templated":true}]}}