{"id":9269,"date":"2020-01-22T21:56:31","date_gmt":"2020-01-22T21:56:31","guid":{"rendered":"https:\/\/www.radiopresidenteibanez.cl\/web\/?p=9269"},"modified":"2020-01-22T21:56:34","modified_gmt":"2020-01-22T21:56:34","slug":"partido-comunista-familia-y-amigos-de-marco-bahamondes-lopez-se-encuentran-de-luto-por-su-fallecimiento","status":"publish","type":"post","link":"https:\/\/www.radiopresidenteibanez.cl\/web\/partido-comunista-familia-y-amigos-de-marco-bahamondes-lopez-se-encuentran-de-luto-por-su-fallecimiento\/","title":{"rendered":"PARTIDO COMUNISTA, FAMILIA Y AMIGOS DE MARCO BAHAMONDES L\u00d3PEZ SE ENCUENTRAN DE LUTO POR SU FALLECIMIENTO"},"content":{"rendered":"\n<p>Marco Bahamondes L\u00f3pez<\/p>\n\n\n\n<p>(1962-2020)<\/p>\n\n\n\n<p>Comunicamos el sensible fallecimiento el mi\u00e9rcoles 22 de\nenero de 2020 en la ciudad de Punta Arenas del compa\u00f1ero Marco Bahamondes\nL\u00f3pez. El compa\u00f1ero Marco era integrante del Comit\u00e9 Regional Magallanes del\nPartido Comunista de Chile y militante de la c\u00e9lula Gladys Mar\u00edn.<\/p>\n\n\n\n<p>Ingres\u00f3 a las Juventudes Comunistas de Chile el a\u00f1o 1982,\ndesempe\u00f1ando m\u00faltiples tareas en la clandestinidad en la lucha contra la\ndictadura c\u00edvico-militar, siempre vinculado a su pasi\u00f3n el teatro y el arte.\nEntre 1985 y 1986, trabaj\u00f3 en la ciudad de R\u00edo Gallegos, Argentina en campa\u00f1as\nsolidaridad con chilenos en el exilio y colaborando con el ingreso y salida del\npa\u00eds de compa\u00f1eras y compa\u00f1eros en la clandestinidad.<\/p>\n\n\n\n<p>Durante los a\u00f1os 1986 y 1987, de regreso en Punta Arenas,\nfue encargado org\u00e1nico del Comit\u00e9 Local Sur de las juventudes.<\/p>\n\n\n\n<p>Inquieto y rebelde, Marco jam\u00e1s dej\u00f3 la militancia activa y\ncomprometida por la causa de las y los oprimidos y las y los explotados, en\nPichilemu, Valpara\u00edso y Santiago. En la capital integr\u00f3 la Comisi\u00f3n Nacional de\nCultura en 1990. En este \u00faltimo a\u00f1o, deja la JJ. CC para ingresar a las filas\nde su querido Partido Comunista.<\/p>\n\n\n\n<p>En su incesante caminar por el mundo Marco, fue integrante\nde SIDARTE y activo vecino de la Junta de Vecinos del Cerro de la Cruz de su\nciudad natal Punta Arenas. Creador de la compa\u00f1\u00eda Pata Elefante teatro, donde\nfue director y dramaturgo.<\/p>\n\n\n\n<p>Apasionado por la Radio, ejerci\u00f3 como productor Radio Nuevo\nMundo Patagonia. Junto a su compa\u00f1era de vida Tita S\u00e1nchez Zumaeta fue el motor\nde m\u00faltiples programas culturales y pol\u00edticos transmitidos por la radio.<\/p>\n\n\n\n<p>Su obra de la vida se plasma en el teatro, el cine, la\nfotonovela, la radio, los DD.HH, pero sobre todo en la colaboraci\u00f3n y solidaridad\ncon quienes requirieron se su experiencia y sus ideas.<\/p>\n\n\n\n<p>A su compa\u00f1era y su familia nuestro m\u00e1s sentido p\u00e9same.<\/p>\n\n\n\n<p>\u00a1\u00a1\u00a1Honor y gloria al compa\u00f1ero Marco Bahamondes L\u00f3pez!!!<\/p>\n","protected":false},"excerpt":{"rendered":"<p>Marco Bahamondes L\u00f3pez (1962-2020) Comunicamos el sensible fallecimiento el mi\u00e9rcoles 22 de enero de 2020 en la ciudad de Punta Arenas del compa\u00f1ero Marco Bahamondes L\u00f3pez. El compa\u00f1ero Marco era&#8230; <a class=\"read-more\" href=\"https:\/\/www.radiopresidenteibanez.cl\/web\/partido-comunista-familia-y-amigos-de-marco-bahamondes-lopez-se-encuentran-de-luto-por-su-fallecimiento\/\">Leer m\u00e1s<\/a><\/p>\n","protected":false},"author":2,"featured_media":9270,"comment_status":"closed","ping_status":"closed","sticky":false,"template":"","format":"standard","meta":{"footnotes":""},"categories":[1],"tags":[],"class_list":["post-9269","post","type-post","status-publish","format-standard","has-post-thumbnail","hentry","category-cronica"],"_links":{"self":[{"href":"https:\/\/www.radiopresidenteibanez.cl\/web\/wp-json\/wp\/v2\/posts\/9269","targetHints":{"allow":["GET"]}}],"collection":[{"href":"https:\/\/www.radiopresidenteibanez.cl\/web\/wp-json\/wp\/v2\/posts"}],"about":[{"href":"https:\/\/www.radiopresidenteibanez.cl\/web\/wp-json\/wp\/v2\/types\/post"}],"author":[{"embeddable":true,"href":"https:\/\/www.radiopresidenteibanez.cl\/web\/wp-json\/wp\/v2\/users\/2"}],"replies":[{"embeddable":true,"href":"https:\/\/www.radiopresidenteibanez.cl\/web\/wp-json\/wp\/v2\/comments?post=9269"}],"version-history":[{"count":0,"href":"https:\/\/www.radiopresidenteibanez.cl\/web\/wp-json\/wp\/v2\/posts\/9269\/revisions"}],"wp:featuredmedia":[{"embeddable":true,"href":"https:\/\/www.radiopresidenteibanez.cl\/web\/wp-json\/wp\/v2\/media\/9270"}],"wp:attachment":[{"href":"https:\/\/www.radiopresidenteibanez.cl\/web\/wp-json\/wp\/v2\/media?parent=9269"}],"wp:term":[{"taxonomy":"category","embeddable":true,"href":"https:\/\/www.radiopresidenteibanez.cl\/web\/wp-json\/wp\/v2\/categories?post=9269"},{"taxonomy":"post_tag","embeddable":true,"href":"https:\/\/www.radiopresidenteibanez.cl\/web\/wp-json\/wp\/v2\/tags?post=9269"}],"curies":[{"name":"wp","href":"https:\/\/api.w.org\/{rel}","templated":true}]}}