{"id":9266,"date":"2020-01-22T21:50:03","date_gmt":"2020-01-22T21:50:03","guid":{"rendered":"https:\/\/www.radiopresidenteibanez.cl\/web\/?p=9266"},"modified":"2020-01-22T21:50:07","modified_gmt":"2020-01-22T21:50:07","slug":"marginaciones-y-disputas-por-el-protagonismo-amenazan-la-unidad-social","status":"publish","type":"post","link":"https:\/\/www.radiopresidenteibanez.cl\/web\/marginaciones-y-disputas-por-el-protagonismo-amenazan-la-unidad-social\/","title":{"rendered":"MARGINACIONES Y DISPUTAS POR EL PROTAGONISMO AMENAZAN LA \u201cUNIDAD SOCIAL\u201d"},"content":{"rendered":"\n<p>Desde los principales gremios que\ncomponen el bloque sindical de Unidad Social han destacado la capacidad de\ncoordinaci\u00f3n que han logrado mantener pese a la crisis pol\u00edtica y social que\nenfrenta el pa\u00eds desde hace tres meses. Esto -dicen- pese a los constantes\nintentos de los grandes conglomerados por dividirlos. No obstante,&nbsp;dentro\ndel Unidad Social conviven distintas posturas que, en el \u00faltimo tiempo, han\nvisto enfrentadas a las diversas organizaciones que la componen.<\/p>\n\n\n\n<p>Todo comenz\u00f3 el 28 de octubre cuando\nel bloque present\u00f3 el denominado&nbsp;\u201cPliego de los Trabajadores y\nTrabajadoras de Chile\u201d, un documento con diez propuestas que ten\u00edan que ver\nprincipalmente con materias sindicales y que los dirigentes de los gremios como\nla ANEF, la CUT y el Colegio de Profesores llevaron directamente a La Moneda el\n7 de noviembre.<\/p>\n\n\n\n<p>Esto desat\u00f3 las cr\u00edticas de algunas\norganizaciones que&nbsp;vieron en esta acci\u00f3n un desconocimiento del contenido\ngeneral del estallido social y de los diversos contenidos program\u00e1ticos de los\ndistintos movimientos que compon\u00edan el espacio. Fue al d\u00eda siguiente que se\nprodujo la primera salida. Argumentando que \u201cdebe ser el pueblo el protagonista\ny constructor de su propia historia\u201d, una de las agrupaciones m\u00e1s din\u00e1micas del\nespacio decidi\u00f3 abandonarlo: la&nbsp;Asamblea Coordinadora de Estudiantes\nSecundarios&nbsp;(ACES).<\/p>\n\n\n\n<p>No obstante, el mayor hito ocurri\u00f3\nsemanas despu\u00e9s, cuando el 28 de noviembre llegaron hasta el Palacio de\nGobierno los dirigentes de la Mesa de Unidad Social a reunirse con el ministro\ndel Interior, Gonzalo Blumel. Fueron seis organizaciones del bloque sindical\nlas que decidieron restarse,&nbsp;generando un quiebre&nbsp;entre aquellos que\nconsideraron que ya era la hora del di\u00e1logo y los que cre\u00edan que no era el\nmomento de sentarse con quien apuntaban como uno de los responsables de los\ngraves atropellos a los derechos humanos&nbsp;ocurridos en el contexto de las\nmanifestaciones.<\/p>\n\n\n\n<p>De este \u00faltimo grupo, la CONFUSAM fue\nla principal protagonista al criticar p\u00fablicamente, a trav\u00e9s de sus dirigentes,\nla decisi\u00f3n del resto del bloque sindical, acusando un excesivo personalismo\npor parte de sus dirigentes y un af\u00e1n de \u201cfigurar\u201d en una fotograf\u00eda que\nterminar\u00eda siendo, seg\u00fan afirmaron, perjudicial para el conglomerado. As\u00ed\ntambi\u00e9n, organizaciones como el&nbsp;Movimiento por el Agua y el Territorio\n(MAT) y la&nbsp;Coordinadora Feminista 8 de Marzo criticaron a sus pares que\nasistieron a la cita con Blumel&nbsp;por validar, a trav\u00e9s de la negociaci\u00f3n,\nal Gobierno como interlocutor y sin haber consultado previamente al resto de\nlas agrupaciones.<\/p>\n\n\n\n<p>As\u00ed lo manifest\u00f3, en conversaci\u00f3n con\neste medio,&nbsp;Javier Z\u00fa\u00f1iga, representante del Movimiento por el Agua y el\nTerritorio en el espacio de Unidad Social, quien critic\u00f3 la falta de democracia\nque ha generado el excesivo protagonismo del Bloque Sindical.<\/p>\n\n\n\n<p>\u201cLa ausencia de democracia y adem\u00e1s\nla escasa voluntad de poder definir mecanismos que nos permitan deliberar y\nprocesar las diferencias internas, han sido la t\u00f3nica hasta ahora\u201c, lament\u00f3 el\nrepresentante del MAT en el conglomerado.<\/p>\n\n\n\n<p>\u201cMuchos pensamos que ha habido una\nausencia de voluntad pol\u00edtica de parte del llamado Bloque Sindical y por parte\nde algunas organizaciones, en particular,&nbsp;ha sido deliberado el intento de\nque no participen otros movimientos\u201c, agreg\u00f3 el dirigente.<\/p>\n\n\n\n<p>Estos hechos, sumados a otra reuni\u00f3n\ncon los representantes del Congreso Nacional y a la decisi\u00f3n de los principales\ngremios del bloque sindical de llegar a un acuerdo con la oposici\u00f3n en relaci\u00f3n\nal proceso constituyente, terminaron por tensionar a\u00fan m\u00e1s las relaciones al\ninterior de Unidad Social y,&nbsp;el 7 de enero, la Coordinadora 8M anunci\u00f3 su\nsalida definitiva del espacio.<\/p>\n\n\n\n<p>En una declaraci\u00f3n p\u00fablica que fue\nle\u00edda en una reuni\u00f3n de Unidad Social, las dirigentas feministas criticaron\nque, pese a que hab\u00edan otros movimientos que compart\u00edan su postura, la\ndeliberaci\u00f3n dentro del espacio no era&nbsp;posible, pues eran otros los espacios\nen los que se tomaban decisiones. \u201cEse espacio tom\u00f3 un nombre, y por la prensa\nnos enteramos de la conformaci\u00f3n del Bloque Sindical\u201d, indicaron en el\ndocumento, agregando que este \u00faltimo se arrog\u00f3 la potestad de hablar a nombre\nde todo el conglomerado y tom\u00f3 -sin consultar con el resto- una serie de\ndecisiones pol\u00edticas de car\u00e1cter estrat\u00e9gico.<\/p>\n\n\n\n<p>Luego de escuchar las motivaciones de\nla Coordinadora 8M para salir de Unidad Social,&nbsp;hubo autocr\u00edticas por\nparte de algunas organizaciones como la CONFUSAM, no obstante, hay quienes\ndicen que no existi\u00f3 la misma disposici\u00f3n por parte de los principales gremios&nbsp;que\ncomponen el Bloque Sindical, entre ellos la CUT, el Colegio de Profesores y la\nCoordinadora No + AFP.<\/p>\n\n\n\n<p>Pero las disputas se mantuvieron\ntambi\u00e9n al interior del denominado Bloque Sindical.&nbsp;Y es que&nbsp;dentro\ndel sindicalismo tambi\u00e9n existen cr\u00edticas a la conducci\u00f3n que se le ha dado al\nespacio denominado como la Mesa de Unidad Social, el cual, se\u00f1alan, ha sido\nocupado por los grandes gremios sindicales, en desmedro de otros m\u00e1s peque\u00f1os\npero que mantienen relaciones m\u00e1s directas con otros movimientos fuera del bloque\nsindical.<\/p>\n\n\n\n<p>Es este el caso de la CONFUSAM, desde\ndonde su vicepresidente nacional,&nbsp;Esteban Maturana, ha acusado una\nmarginaci\u00f3n por parte de grandes organizaciones como la CUT, el Colegio de\nProfesores y la Coordinadora No + AFP; los que, para \u00e9l, han dirigido el\nproceso de acuerdo a los lineamientos de sus representaciones partidarias. \u201cEn\nlos hechos, CONFUSAM ha resentido este exceso de protagonismo por parte de\nestos dirigentes\u201c, sentenci\u00f3 Maturana.<\/p>\n\n\n\n<p>\u201cLa verdad es que, a lo largo de la\nhistoria, los partidos han intentado apropiarse de todas las expresiones\nsociales, eso ha sido m\u00e1s evidente en el movimiento sindical\u201d, sostuvo el\nvicepresidente de la CONFUSAM.<\/p>\n\n\n\n<p>\u201cParticularmente, en estos\ncasos,&nbsp;uno observa que hay una gran coincidencia entre la l\u00ednea del\npartido y los militantes de partidos que act\u00faan dentro del movimiento sindical,\ny que las opiniones que el partido expresa suelen ser tambi\u00e9n las opiniones de\nlos dirigentes sindicales y militantes de partidos que est\u00e1n en cargos de\ndirecci\u00f3n\u201c, a\u00f1adi\u00f3 el&nbsp;hist\u00f3rico dirigente.<\/p>\n\n\n\n<p>Un ejemplo de la disputa que existe\ndentro del Bloque Sindical, es una&nbsp;carta que envi\u00f3 el directorio de la\nCONFUSAM al directorio del Colegio de Profesores, en la que criticaron al\npresidente nacional del gremio, acus\u00e1ndolo de propinarle codazos a la\npresidenta de la Confederaci\u00f3n de Salud Municipal para obtener m\u00e1s protagonismo\nen una conferencia de prensa y de agredir verbalmente al vicepresidente\nnacional de la organizaci\u00f3n tras una asamblea.&nbsp;Acusaciones que fueron\ndescartadas por Mario Aguilar, quien&nbsp;neg\u00f3 rotundamente los hechos que\ninvolucran a las dirigentas. No obstante, admiti\u00f3 haber tenido un intercambio\nde palabras con Maturana tras la asamblea que el texto hac\u00eda referencia. Un\nintercambio que, sin embargo, Aguilar calific\u00f3 como \u201cnormal\u201d, sobre todo en una\ninstancia como \u00e9sa, en la que conviven distintas posturas y visiones.<\/p>\n\n\n\n<p>Sobre las contiendas al interior del\nbloque,&nbsp;Mario Aguilar&nbsp;asegur\u00f3 que se trata de opiniones encontradas\nen torno a los caminos y que radican en lo \u201ct\u00e1ctico-estrat\u00e9gico\u201d; pero que no\ntienen nada que ver con lo que, para \u00e9l, es lo m\u00e1s importante: el\nreconocimiento de las demandas sociales.<\/p>\n\n\n\n<p>\u201cSon diferencias t\u00e1cticas frente a\ndeterminadas coyunturas. Por ejemplo, hab\u00edan quienes no estaban de acuerdo con\nir a hablar con Blumel y otros s\u00ed estaban de acuerdo. Pero esa cuesti\u00f3n no es\nde fondo, es algo de sostener o no sostener una reuni\u00f3n\u201d, asegur\u00f3 el presidente\ndel Magisterio.<\/p>\n\n\n\n<p>\u201cNo es una diferencia en que unos\ntienen una mirada frente a las demandas sociales y otros tienen una\nradicalmente opuesta, no es as\u00ed. Son diferencias absolutamente t\u00e1cticas y de\ncoyuntura, y eso es absolutamente normal que ocurra\u201c, enfatiz\u00f3 Aguilar.<\/p>\n\n\n\n<p>Sin embargo, todav\u00eda existe cierta\nincomodidad en algunos movimientos del conglomerado que han indicado que,&nbsp;de\nmantenerse las din\u00e1micas de marginaci\u00f3n, la situaci\u00f3n se tornar\u00eda\n\u201cinsostenible\u201d&nbsp;para aquellas organizaciones sociales de defensa del medio\nambiente, de los derechos humanos y otras, que, estando fuera del sindicalismo,\nhan visto coartadas sus opciones de participar en las decisiones de Unidad\nSocial.<\/p>\n\n\n\n<p>Movimientos y agrupaciones que\nadmiten ver un enorme potencial en un espacio que, pese a haber adquirido su\nfuerza desde la diversidad de sus integrantes, ha ido&nbsp;teniendo una\npreponderancia del bloque sindical.<\/p>\n\n\n\n<p>Cuesti\u00f3n de justicia y de tama\u00f1o para algunos, marginaci\u00f3n para otros.<\/p>\n\n\n\n<p>Fuente:  <a href=\"https:\/\/radio.uchile.cl\/2020\/01\/21\/marginaciones-y-disputas-por-el-protagonismo-amenazan-la-unidad-social\/\">https:\/\/radio.uchile.cl\/2020\/01\/21\/marginaciones-y-disputas-por-el-protagonismo-amenazan-la-unidad-social\/<\/a> <\/p>\n","protected":false},"excerpt":{"rendered":"<p>Desde los principales gremios que componen el bloque sindical de Unidad Social han destacado la capacidad de coordinaci\u00f3n que han logrado mantener pese a la crisis pol\u00edtica y social que&#8230; <a class=\"read-more\" href=\"https:\/\/www.radiopresidenteibanez.cl\/web\/marginaciones-y-disputas-por-el-protagonismo-amenazan-la-unidad-social\/\">Leer m\u00e1s<\/a><\/p>\n","protected":false},"author":2,"featured_media":9267,"comment_status":"closed","ping_status":"closed","sticky":false,"template":"","format":"standard","meta":{"footnotes":""},"categories":[5],"tags":[],"class_list":["post-9266","post","type-post","status-publish","format-standard","has-post-thumbnail","hentry","category-politica"],"_links":{"self":[{"href":"https:\/\/www.radiopresidenteibanez.cl\/web\/wp-json\/wp\/v2\/posts\/9266","targetHints":{"allow":["GET"]}}],"collection":[{"href":"https:\/\/www.radiopresidenteibanez.cl\/web\/wp-json\/wp\/v2\/posts"}],"about":[{"href":"https:\/\/www.radiopresidenteibanez.cl\/web\/wp-json\/wp\/v2\/types\/post"}],"author":[{"embeddable":true,"href":"https:\/\/www.radiopresidenteibanez.cl\/web\/wp-json\/wp\/v2\/users\/2"}],"replies":[{"embeddable":true,"href":"https:\/\/www.radiopresidenteibanez.cl\/web\/wp-json\/wp\/v2\/comments?post=9266"}],"version-history":[{"count":0,"href":"https:\/\/www.radiopresidenteibanez.cl\/web\/wp-json\/wp\/v2\/posts\/9266\/revisions"}],"wp:featuredmedia":[{"embeddable":true,"href":"https:\/\/www.radiopresidenteibanez.cl\/web\/wp-json\/wp\/v2\/media\/9267"}],"wp:attachment":[{"href":"https:\/\/www.radiopresidenteibanez.cl\/web\/wp-json\/wp\/v2\/media?parent=9266"}],"wp:term":[{"taxonomy":"category","embeddable":true,"href":"https:\/\/www.radiopresidenteibanez.cl\/web\/wp-json\/wp\/v2\/categories?post=9266"},{"taxonomy":"post_tag","embeddable":true,"href":"https:\/\/www.radiopresidenteibanez.cl\/web\/wp-json\/wp\/v2\/tags?post=9266"}],"curies":[{"name":"wp","href":"https:\/\/api.w.org\/{rel}","templated":true}]}}