{"id":9257,"date":"2020-01-22T21:40:05","date_gmt":"2020-01-22T21:40:05","guid":{"rendered":"https:\/\/www.radiopresidenteibanez.cl\/web\/?p=9257"},"modified":"2020-01-22T21:40:09","modified_gmt":"2020-01-22T21:40:09","slug":"pdi-llama-a-evitar-la-desaparicion-de-menores-en-verano","status":"publish","type":"post","link":"https:\/\/www.radiopresidenteibanez.cl\/web\/pdi-llama-a-evitar-la-desaparicion-de-menores-en-verano\/","title":{"rendered":"PDI LLAMA A EVITAR LA DESAPARICI\u00d3N DE MENORES EN VERANO"},"content":{"rendered":"\n<p>La \u00e9poca estival es cuando m\u00e1s se producen denuncias\npor presuntas desgracias de ni\u00f1os, ni\u00f1as y adolescentes a lo largo del pa\u00eds,\ndebido a diversos motivos: salida de clases de los ni\u00f1os, vacaciones, rebeld\u00eda,\nproblemas de comunicaci\u00f3n y tambi\u00e9n el ir a lugares concurridos como playas y\nfiestas. Es por eso que la PDI hace un llamado a tomar resguardos y as\u00ed evitar\nel extrav\u00edo de menores en verano. <\/p>\n\n\n\n<p>En los meses de enero y febrero del 2019, la Polic\u00eda\nde Investigaciones de Chile recibi\u00f3 un total de 716 casos de menores de hasta\n17 a\u00f1os extraviados, principalmente en las regiones Metropolitana, del Maule y\nValpara\u00edso. <\/p>\n\n\n\n<p>En tanto, en Magallanes, la PDI recibi\u00f3 en enero y\nfebrero del a\u00f1o pasado cuatro denuncias por presuntas desgracias de ni\u00f1os,\nni\u00f1as y adolescentes, tres casos en Punta Arenas y uno en Puerto Natales, donde\ntodos fueron ubicados oportunamente. <\/p>\n\n\n\n<p>El subprefecto H\u00e9ctor Mar\u00edn, jefe de la Brigada de\nHomicidios Punta Arenas, se\u00f1al\u00f3 que una de las principales causas de las\npresuntas desgracias en \u00e9poca de verano, es el extrav\u00edo de menores en lugares\nde gran afluencia de p\u00fablico. \u201cSe recomienda, antes de salir, recordar las\nvestimentas de los ni\u00f1os y ni\u00f1as, ense\u00f1arles el nombre completo de sus padres y\nalg\u00fan tel\u00e9fono de contacto\u201d, agreg\u00f3 el oficial. <\/p>\n\n\n\n<p>Entre los consejos que entrega la PDI, en caso de que\nest\u00e9 en un lugar de mucha afluencia de p\u00fablico, se encuentran nunca perder de\nvista al ni\u00f1o o ni\u00f1a, debido a la capacidad de distracci\u00f3n de los peque\u00f1os en\nlugares concurridos y tambi\u00e9n ense\u00f1arles cu\u00e1les son las personas encargadas de\nla seguridad del recinto, con la finalidad de que no hablen con personas\najenas.<\/p>\n\n\n\n<p>El subprefecto H\u00e9ctor Mar\u00edn, agreg\u00f3 adem\u00e1s que, en\ncaso de extrav\u00edo de un ni\u00f1o, ni\u00f1a o adolescente, se debe concurrir de inmediato\na la unidad policial m\u00e1s cercana para interponer la debida denuncia por\npresunta desgracia. <\/p>\n\n\n\n<p>\u201cNo se debe esperar 48 horas para cursar la denuncia.\nLo importante es aportar antecedentes fehacientes que permitan a los detectives\npoder ubicar a los presuntos desaparecidos\u201d, indic\u00f3 el jefe de la Brigada de\nHomicidios Punta Arenas. <\/p>\n","protected":false},"excerpt":{"rendered":"<p>La \u00e9poca estival es cuando m\u00e1s se producen denuncias por presuntas desgracias de ni\u00f1os, ni\u00f1as y adolescentes a lo largo del pa\u00eds, debido a diversos motivos: salida de clases de&#8230; <a class=\"read-more\" href=\"https:\/\/www.radiopresidenteibanez.cl\/web\/pdi-llama-a-evitar-la-desaparicion-de-menores-en-verano\/\">Leer m\u00e1s<\/a><\/p>\n","protected":false},"author":2,"featured_media":9258,"comment_status":"closed","ping_status":"closed","sticky":false,"template":"","format":"standard","meta":{"footnotes":""},"categories":[6],"tags":[],"class_list":["post-9257","post","type-post","status-publish","format-standard","has-post-thumbnail","hentry","category-policial"],"_links":{"self":[{"href":"https:\/\/www.radiopresidenteibanez.cl\/web\/wp-json\/wp\/v2\/posts\/9257","targetHints":{"allow":["GET"]}}],"collection":[{"href":"https:\/\/www.radiopresidenteibanez.cl\/web\/wp-json\/wp\/v2\/posts"}],"about":[{"href":"https:\/\/www.radiopresidenteibanez.cl\/web\/wp-json\/wp\/v2\/types\/post"}],"author":[{"embeddable":true,"href":"https:\/\/www.radiopresidenteibanez.cl\/web\/wp-json\/wp\/v2\/users\/2"}],"replies":[{"embeddable":true,"href":"https:\/\/www.radiopresidenteibanez.cl\/web\/wp-json\/wp\/v2\/comments?post=9257"}],"version-history":[{"count":0,"href":"https:\/\/www.radiopresidenteibanez.cl\/web\/wp-json\/wp\/v2\/posts\/9257\/revisions"}],"wp:featuredmedia":[{"embeddable":true,"href":"https:\/\/www.radiopresidenteibanez.cl\/web\/wp-json\/wp\/v2\/media\/9258"}],"wp:attachment":[{"href":"https:\/\/www.radiopresidenteibanez.cl\/web\/wp-json\/wp\/v2\/media?parent=9257"}],"wp:term":[{"taxonomy":"category","embeddable":true,"href":"https:\/\/www.radiopresidenteibanez.cl\/web\/wp-json\/wp\/v2\/categories?post=9257"},{"taxonomy":"post_tag","embeddable":true,"href":"https:\/\/www.radiopresidenteibanez.cl\/web\/wp-json\/wp\/v2\/tags?post=9257"}],"curies":[{"name":"wp","href":"https:\/\/api.w.org\/{rel}","templated":true}]}}