{"id":9254,"date":"2020-01-22T21:38:23","date_gmt":"2020-01-22T21:38:23","guid":{"rendered":"https:\/\/www.radiopresidenteibanez.cl\/web\/?p=9254"},"modified":"2020-01-22T21:38:27","modified_gmt":"2020-01-22T21:38:27","slug":"gobierno-ganaderos-y-enap-se-unen-para-controlar-la-pilosella","status":"publish","type":"post","link":"https:\/\/www.radiopresidenteibanez.cl\/web\/gobierno-ganaderos-y-enap-se-unen-para-controlar-la-pilosella\/","title":{"rendered":"GOBIERNO, GANADEROS Y ENAP SE UNEN PARA CONTROLAR LA PILOSELLA"},"content":{"rendered":"\n<p>Recopilando experiencias,\nconclusiones y recomendaciones para los ganaderos de Magallanes, se lanz\u00f3 la\n\u201cGu\u00eda para el control de Hieracium Pilosella para la Regi\u00f3n de Magallanes y\nAnt\u00e1rtica Chilena\u201d, maleza invasora presente en gran parte del territorio\nregional que tiene un alto impacto en la capacidad forrajera de los predios,\nafectando negativamente la producci\u00f3n ganadera. <\/p>\n\n\n\n<p>El material gr\u00e1fico es una de las\nacciones emprendidas por el PTI Ovino, de Corfo, mesa t\u00e9cnica conformada por\ndiversos organismos, entre ellos ENAP Magallanes, empresa que mantiene un\npermanente apoyo al sector ganadero dado que sus principales operaciones se\nrealizan precisamente en distintos predios de la regi\u00f3n. En esta oportunidad,\nENAP colabor\u00f3 con la impresi\u00f3n del manual. \u201cNuestra empresa mantiene un trabajo\npermanente y comprometido con los sectores agr\u00edcola y ganadero de la regi\u00f3n,\nque son con quienes convivimos diariamente en nuestras operaciones. En ese\nsentido, y en el marco de nuestra participaci\u00f3n en el PTI Ovino, estamos muy\ncontentos de haber podido colaborar para que tengamos esta gu\u00eda que lo que\nbusca es entregar lineamientos t\u00e9cnicos para controlar una especie que es\nintroducida y que afecta de manera directa la producci\u00f3n forrajera regional\u201d,\nexplic\u00f3 <strong>Alberto Vera,<\/strong> jefe de la\nUnidad de Asuntos Ganaderos ENAP Magallanes.<\/p>\n\n\n\n<p>El lanzamiento de la gu\u00eda se realiz\u00f3\nen la sede comunitaria de Cerro Sombrero, para posteriormente visitar las Estancias\nQuinta Esperanza, Chillaneja y San Miguel, en Tierra del Fuego, hasta donde\nllegaron diversas autoridades lideradas por el Seremi de Agricultura, Alfonso\nRoux. \u201cLa pilosella es una maleza que se ha extendido por toda la regi\u00f3n, que\nfue introducida en forma involuntaria hace un par de a\u00f1os atr\u00e1s, pero que est\u00e1\nafectando fuertemente la productividad de nuestras praderas, por lo tanto, este\nestudio, de c\u00f3mo controlar a futuro esta maleza, va a ser de suma importancia\npara mejorar los niveles productivos que tenemos en Magallanes\u201d, explic\u00f3 el\nSeremi.<\/p>\n\n\n\n<p>El manual fue elaborado con el\napoyo de instituciones p\u00fablicas ligadas al sector agropecuario como la\nUniversidad de Magallanes, el Servicio Agr\u00edcola y Ganadero (SAG) y el Instituto\nde Investigaciones Agropecuarias (INIA). \u201cHoy d\u00eda nos encontramos entregando\nlos resultados de la implementaci\u00f3n y los manejos que INIA, junto al equipo\nt\u00e9cnico, recomend\u00f3 que se ten\u00edan que hacer para ver cu\u00e1l es el impacto\nproductivo que podr\u00edamos tener a corto, mediano y largo plazo, siempre\nesperando que seamos capaces de mejorar, de manera sustentable, la\nproductividad ovina a nivel regional\u201d, expres\u00f3 <strong>Francisco Salles<\/strong>, director de INIA.<\/p>\n\n\n\n<p>La actividad de lanzamiento se\ncomplement\u00f3 con dos salidas a campo en diferentes estancias de Tierra del\nFuego. La primera de ellas fue Quinta Esperanza, donde han trabajo hace 11 a\u00f1os\nen el manejo de la pilosella. \u201cNosotros como familia hemos realizado grandes\nesfuerzos en fumigaci\u00f3n manual, fumigaci\u00f3n v\u00eda tractor, para poder controlarla.\nLa pilosella no es una especie que se pueda erradicar, pero s\u00ed se puede\ncontrolar y la verdad es que el no controlarla significa p\u00e9rdidas productivas\nmuy importantes para los ganaderos, lo que, en las condiciones mundiales de\nsequ\u00eda, que nosotros en estos momentos no sufrimos, pero que podemos sufrir m\u00e1s\nadelante, resulta primordial contar con un predio eficiente\u201d, se\u00f1al\u00f3 <strong>Valeria Tafra<\/strong>, subgerente general de\nSwanhouse. <\/p>\n\n\n\n<p>La segunda actividad se\ndesarroll\u00f3 en la Estancia San Miguel, donde se abordaron los resultados\npreliminares del Piloto de Extensionismo, verificando en terreno la\nimplementaci\u00f3n de las recomendaciones contenidas en plan de manejo, que es el\nproducto resultante del primer a\u00f1o de trabajo del PTI Ovino. <\/p>\n","protected":false},"excerpt":{"rendered":"<p>Recopilando experiencias, conclusiones y recomendaciones para los ganaderos de Magallanes, se lanz\u00f3 la \u201cGu\u00eda para el control de Hieracium Pilosella para la Regi\u00f3n de Magallanes y Ant\u00e1rtica Chilena\u201d, maleza invasora&#8230; <a class=\"read-more\" href=\"https:\/\/www.radiopresidenteibanez.cl\/web\/gobierno-ganaderos-y-enap-se-unen-para-controlar-la-pilosella\/\">Leer m\u00e1s<\/a><\/p>\n","protected":false},"author":2,"featured_media":9255,"comment_status":"closed","ping_status":"closed","sticky":false,"template":"","format":"standard","meta":{"footnotes":""},"categories":[1],"tags":[],"class_list":["post-9254","post","type-post","status-publish","format-standard","has-post-thumbnail","hentry","category-cronica"],"_links":{"self":[{"href":"https:\/\/www.radiopresidenteibanez.cl\/web\/wp-json\/wp\/v2\/posts\/9254","targetHints":{"allow":["GET"]}}],"collection":[{"href":"https:\/\/www.radiopresidenteibanez.cl\/web\/wp-json\/wp\/v2\/posts"}],"about":[{"href":"https:\/\/www.radiopresidenteibanez.cl\/web\/wp-json\/wp\/v2\/types\/post"}],"author":[{"embeddable":true,"href":"https:\/\/www.radiopresidenteibanez.cl\/web\/wp-json\/wp\/v2\/users\/2"}],"replies":[{"embeddable":true,"href":"https:\/\/www.radiopresidenteibanez.cl\/web\/wp-json\/wp\/v2\/comments?post=9254"}],"version-history":[{"count":0,"href":"https:\/\/www.radiopresidenteibanez.cl\/web\/wp-json\/wp\/v2\/posts\/9254\/revisions"}],"wp:featuredmedia":[{"embeddable":true,"href":"https:\/\/www.radiopresidenteibanez.cl\/web\/wp-json\/wp\/v2\/media\/9255"}],"wp:attachment":[{"href":"https:\/\/www.radiopresidenteibanez.cl\/web\/wp-json\/wp\/v2\/media?parent=9254"}],"wp:term":[{"taxonomy":"category","embeddable":true,"href":"https:\/\/www.radiopresidenteibanez.cl\/web\/wp-json\/wp\/v2\/categories?post=9254"},{"taxonomy":"post_tag","embeddable":true,"href":"https:\/\/www.radiopresidenteibanez.cl\/web\/wp-json\/wp\/v2\/tags?post=9254"}],"curies":[{"name":"wp","href":"https:\/\/api.w.org\/{rel}","templated":true}]}}