{"id":9221,"date":"2020-01-21T23:53:23","date_gmt":"2020-01-21T23:53:23","guid":{"rendered":"https:\/\/www.radiopresidenteibanez.cl\/web\/?p=9221"},"modified":"2020-01-21T23:53:27","modified_gmt":"2020-01-21T23:53:27","slug":"asociacion-de-salmonicultores-de-magallanes-realizo-exitoso-programa-de-fondos-concursables-dirigido-a-comunidades-kawesqar","status":"publish","type":"post","link":"https:\/\/www.radiopresidenteibanez.cl\/web\/asociacion-de-salmonicultores-de-magallanes-realizo-exitoso-programa-de-fondos-concursables-dirigido-a-comunidades-kawesqar\/","title":{"rendered":"ASOCIACI\u00d3N DE SALMONICULTORES DE MAGALLANES REALIZ\u00d3 EXITOSO PROGRAMA DE FONDOS CONCURSABLES DIRIGIDO A COMUNIDADES KAW\u00c9SQAR"},"content":{"rendered":"\n<p>Con el objetivo de fortalecer proyectos que no hayan tenido cabida en otras convocatorias p\u00fablicas o privadas, se desarroll\u00f3 el Programa denominado \u201cFondos Concursables dirigidos a comunidades ind\u00edgenas Kaw\u00e9sqar en convenio con la Asociaci\u00f3n de Salmonicultores de Magallanes\u201d.<\/p>\n\n\n\n<p>En total fueron ocho las iniciativas que se presentaron para optar a un financiamiento de hasta 4 millones por proyecto, las cuales representaron a cinco comunidades, de las siete que actualmente se encuentran en convenio con la Asociaci\u00f3n de Salmonicultores de Magallanes, de estas, tres resultaron seleccionadas, en cada una de las l\u00edneas de desarrollo.<\/p>\n\n\n\n<p>Dichos Fondos, tienen como finalidad beneficiar proyectos en tres l\u00edneas de trabajo: Proyectos productivos, que busca potenciar iniciativas que generen, en el corto plazo, una posibilidad real de creaci\u00f3n de empleo permanente e ingresos a uno o m\u00e1s integrantes de Las Comunidades; Proyectos de Desarrollo Social, a trav\u00e9s de iniciativas que impacten en el&nbsp; bienestar del mayor n\u00famero de sus miembros como sea posible, en diversas tem\u00e1ticas relacionadas a su desarrollo comunitario; y Proyectos de Rescate Cultural y Patrimonial, en que se busca apoyar la gesti\u00f3n de proyectos que presenten iniciativas concretas de apoyo al rescate y preservaci\u00f3n de la cultura kaw\u00e9sqar, en tanto busquen la conservaci\u00f3n y difusi\u00f3n de su lengua, costumbres, legado y otros.<\/p>\n\n\n\n<p>Al respecto, la presidenta de la Comunidad Ind\u00edgena Kaw\u00e9sqar K\u2019skial de Puerto Natales, se\u00f1al\u00f3 que&nbsp;<em>\u201cpara nosotros es muy importante poder trabajar de la mano junto con la industria salmonera, ya que es parte del convenio de colaboraci\u00f3n que tenemos. Como presidenta estoy muy contenta que nuestra gente se est\u00e9 enfocando en distintos rubros y que a trav\u00e9s de la Asociaci\u00f3n pueda ejecutar diversos proyectos y tambi\u00e9n estamos muy contentos por la actividad que se desarroll\u00f3 el d\u00eda de hoy y agradecida del camino que estamos recorriendo en conjunto con la Asociaci\u00f3n<\/em>\u201d.<\/p>\n\n\n\n<p>Por su parte, el presidente de la Asociaci\u00f3n de Salmonicultores de Magallanes, Carlos Odebret, se refiri\u00f3 a este evento como \u201cuna gran oportunidad para ayudar en el desarrollo de la comunidad, porque son instancias como \u00e9stas las que nos permiten conocer las reales necesidades y, al mismo tiempo, contribuir con un aporte para la regi\u00f3n. Es bueno que se den estas instancias y que la comunidad se involucre\u201d.<\/p>\n\n\n\n<p>Los Fondos Concursables se enmarcan en el Convenio de Colaboraci\u00f3n que la Asociaci\u00f3n de Salmonicultores de Magallanes firm\u00f3 en marzo de 2019 con las comunidades ind\u00edgenas kaw\u00e9sqar: Anc\u00f3n sin Salida, Residentes en Punta Arenas, Cazadores Patag\u00f3nicos e Isla Dawson de Punta Arenas, K\u2019skial, Residentes en Puerto Natales y Juana P\u00e9rez de Puerto Natales. Dicho convenio ha permitido generar distintas acciones a lo largo de 2019 y lo que va de 2020, entre otras: programas de capacitaciones, apoyo a adultos mayores, estudiantes de ense\u00f1anza b\u00e1sica y media y educaci\u00f3n superior, viajes a lugares ancestrales, inserci\u00f3n laboral, empleabilidad y emprendimiento, as\u00ed como el apoyo para desarrollo social de sus comunidades y el rescate y la puesta en valor de la cultura kaw\u00e9sqar.<br><\/p>\n","protected":false},"excerpt":{"rendered":"<p>Con el objetivo de fortalecer proyectos que no hayan tenido cabida en otras convocatorias p\u00fablicas o privadas, se desarroll\u00f3 el Programa denominado \u201cFondos Concursables dirigidos a comunidades ind\u00edgenas Kaw\u00e9sqar en&#8230; <a class=\"read-more\" href=\"https:\/\/www.radiopresidenteibanez.cl\/web\/asociacion-de-salmonicultores-de-magallanes-realizo-exitoso-programa-de-fondos-concursables-dirigido-a-comunidades-kawesqar\/\">Leer m\u00e1s<\/a><\/p>\n","protected":false},"author":2,"featured_media":9222,"comment_status":"closed","ping_status":"closed","sticky":false,"template":"","format":"standard","meta":{"footnotes":""},"categories":[1],"tags":[],"class_list":["post-9221","post","type-post","status-publish","format-standard","has-post-thumbnail","hentry","category-cronica"],"_links":{"self":[{"href":"https:\/\/www.radiopresidenteibanez.cl\/web\/wp-json\/wp\/v2\/posts\/9221","targetHints":{"allow":["GET"]}}],"collection":[{"href":"https:\/\/www.radiopresidenteibanez.cl\/web\/wp-json\/wp\/v2\/posts"}],"about":[{"href":"https:\/\/www.radiopresidenteibanez.cl\/web\/wp-json\/wp\/v2\/types\/post"}],"author":[{"embeddable":true,"href":"https:\/\/www.radiopresidenteibanez.cl\/web\/wp-json\/wp\/v2\/users\/2"}],"replies":[{"embeddable":true,"href":"https:\/\/www.radiopresidenteibanez.cl\/web\/wp-json\/wp\/v2\/comments?post=9221"}],"version-history":[{"count":0,"href":"https:\/\/www.radiopresidenteibanez.cl\/web\/wp-json\/wp\/v2\/posts\/9221\/revisions"}],"wp:featuredmedia":[{"embeddable":true,"href":"https:\/\/www.radiopresidenteibanez.cl\/web\/wp-json\/wp\/v2\/media\/9222"}],"wp:attachment":[{"href":"https:\/\/www.radiopresidenteibanez.cl\/web\/wp-json\/wp\/v2\/media?parent=9221"}],"wp:term":[{"taxonomy":"category","embeddable":true,"href":"https:\/\/www.radiopresidenteibanez.cl\/web\/wp-json\/wp\/v2\/categories?post=9221"},{"taxonomy":"post_tag","embeddable":true,"href":"https:\/\/www.radiopresidenteibanez.cl\/web\/wp-json\/wp\/v2\/tags?post=9221"}],"curies":[{"name":"wp","href":"https:\/\/api.w.org\/{rel}","templated":true}]}}