{"id":922,"date":"2019-01-30T20:02:58","date_gmt":"2019-01-30T20:02:58","guid":{"rendered":"http:\/\/www.radiopresidenteibanez.cl\/web\/?p=922"},"modified":"2019-01-30T20:03:05","modified_gmt":"2019-01-30T20:03:05","slug":"caso-frei-montalva-seis-personas-condenadas-por-el-homicidio-del-expresidente","status":"publish","type":"post","link":"https:\/\/www.radiopresidenteibanez.cl\/web\/caso-frei-montalva-seis-personas-condenadas-por-el-homicidio-del-expresidente\/","title":{"rendered":"CASO FREI MONTALVA: SEIS PERSONAS CONDENADAS POR EL HOMICIDIO DEL EXPRESIDENTE"},"content":{"rendered":"\n<p>El juez Alejandro Madrid declar\u00f3 culpables a los seis procesados por el homicidio del ex Presidente de la Rep\u00fablica&nbsp;<strong>Eduardo Frei Montalva, fallecido el 22 de enero de 1982.<\/strong><\/p>\n\n\n\n<p>El magistrado conden\u00f3 en calidad de autores al m\u00e9dico&nbsp;<strong>Patricio Silva (10 a\u00f1os&nbsp;de c\u00e1rcel)<\/strong>; a&nbsp;<strong>Luis Becerra (7 a\u00f1os)<\/strong>, ex chofer de la familia Frei e informante de la CNI; y a&nbsp;<strong>Ra\u00fal Lillo (7 a\u00f1os)<\/strong>, ex agente de la DINA.<\/p>\n\n\n\n<p>Adem\u00e1s, el m\u00e9dico Pedro Valdivia\u00a0fue condenado como c\u00f3mplice (5 a\u00f1os) y, como encubridores, los m\u00e9dicos pat\u00f3logos\u00a0<strong>Helmar Rosenberg y Sergio Gonz\u00e1lez (ambos 3 a\u00f1os)<\/strong>.<\/p>\n\n\n\n<p>Fuente: ADNRadio<\/p>\n\n\n\n<figure class=\"wp-block-image\"><img loading=\"lazy\" decoding=\"async\" width=\"600\" height=\"600\" src=\"https:\/\/www.radiopresidenteibanez.cl\/web\/wp-content\/uploads\/2019\/01\/201901301748b949.jpg\" alt=\"\" class=\"wp-image-923\" srcset=\"https:\/\/www.radiopresidenteibanez.cl\/web\/wp-content\/uploads\/2019\/01\/201901301748b949.jpg 600w, https:\/\/www.radiopresidenteibanez.cl\/web\/wp-content\/uploads\/2019\/01\/201901301748b949-150x150.jpg 150w, https:\/\/www.radiopresidenteibanez.cl\/web\/wp-content\/uploads\/2019\/01\/201901301748b949-300x300.jpg 300w\" sizes=\"auto, (max-width: 600px) 100vw, 600px\" \/><\/figure>\n","protected":false},"excerpt":{"rendered":"<p>El juez Alejandro Madrid declar\u00f3 culpables a los seis procesados por el homicidio del ex Presidente de la Rep\u00fablica&nbsp;Eduardo Frei Montalva, fallecido el 22 de enero de 1982. El magistrado&#8230; <a class=\"read-more\" href=\"https:\/\/www.radiopresidenteibanez.cl\/web\/caso-frei-montalva-seis-personas-condenadas-por-el-homicidio-del-expresidente\/\">Leer m\u00e1s<\/a><\/p>\n","protected":false},"author":2,"featured_media":924,"comment_status":"closed","ping_status":"closed","sticky":false,"template":"","format":"standard","meta":{"footnotes":""},"categories":[1],"tags":[],"class_list":["post-922","post","type-post","status-publish","format-standard","has-post-thumbnail","hentry","category-cronica"],"_links":{"self":[{"href":"https:\/\/www.radiopresidenteibanez.cl\/web\/wp-json\/wp\/v2\/posts\/922","targetHints":{"allow":["GET"]}}],"collection":[{"href":"https:\/\/www.radiopresidenteibanez.cl\/web\/wp-json\/wp\/v2\/posts"}],"about":[{"href":"https:\/\/www.radiopresidenteibanez.cl\/web\/wp-json\/wp\/v2\/types\/post"}],"author":[{"embeddable":true,"href":"https:\/\/www.radiopresidenteibanez.cl\/web\/wp-json\/wp\/v2\/users\/2"}],"replies":[{"embeddable":true,"href":"https:\/\/www.radiopresidenteibanez.cl\/web\/wp-json\/wp\/v2\/comments?post=922"}],"version-history":[{"count":0,"href":"https:\/\/www.radiopresidenteibanez.cl\/web\/wp-json\/wp\/v2\/posts\/922\/revisions"}],"wp:featuredmedia":[{"embeddable":true,"href":"https:\/\/www.radiopresidenteibanez.cl\/web\/wp-json\/wp\/v2\/media\/924"}],"wp:attachment":[{"href":"https:\/\/www.radiopresidenteibanez.cl\/web\/wp-json\/wp\/v2\/media?parent=922"}],"wp:term":[{"taxonomy":"category","embeddable":true,"href":"https:\/\/www.radiopresidenteibanez.cl\/web\/wp-json\/wp\/v2\/categories?post=922"},{"taxonomy":"post_tag","embeddable":true,"href":"https:\/\/www.radiopresidenteibanez.cl\/web\/wp-json\/wp\/v2\/tags?post=922"}],"curies":[{"name":"wp","href":"https:\/\/api.w.org\/{rel}","templated":true}]}}