{"id":9216,"date":"2020-01-21T23:48:00","date_gmt":"2020-01-21T23:48:00","guid":{"rendered":"https:\/\/www.radiopresidenteibanez.cl\/web\/?p=9216"},"modified":"2020-01-21T23:48:04","modified_gmt":"2020-01-21T23:48:04","slug":"camara-de-diputados-aprobo-el-proyecto-de-ley-sobre-sobre-cosmetica-artesanal-presentado-por-la-diputada-sandra-amar","status":"publish","type":"post","link":"https:\/\/www.radiopresidenteibanez.cl\/web\/camara-de-diputados-aprobo-el-proyecto-de-ley-sobre-sobre-cosmetica-artesanal-presentado-por-la-diputada-sandra-amar\/","title":{"rendered":"C\u00c1MARA DE DIPUTADOS APROB\u00d3 EL PROYECTO DE LEY SOBRE SOBRE COSM\u00c9TICA ARTESANAL PRESENTADO POR LA DIPUTADA SANDRA AMAR"},"content":{"rendered":"\n<p>Este martes con 144 votos a favor y s\u00f3lo 3 abstenciones en la\nC\u00e1mara de Diputados fue aprobado el proyecto de ley presentado por la diputada\nSandra Amar sobre la Cosm\u00e9tica Artesanal, el que busca regularizar y certificar\nante el Instituto de Salud p\u00fablica, la venta de estos productos. Adem\u00e1s, de\nfomentar emprendimiento y microemprendimiento en esta \u00e1rea.<\/p>\n\n\n\n<p>Al respecto la diputada Sandra Amar, se\u00f1al\u00f3 que \u201cpara\nnosotros es gran paso, ya que muchas mujeres como Patricia Arcila Alvarado,\nemprendedora y empresaria de Magallanes que lleva m\u00e1s de 8 a\u00f1os dedicada a este\nrubro, le permitir\u00e1 tener los permisos legales necesarios para que sean\ncomercializados\u201d.<\/p>\n\n\n\n<p>Agreg\u00f3 que \u201cHoy la cosm\u00e9tica artesanal es un rubro muy\npresente a nivel nacional, no s\u00f3lo en la producci\u00f3n de sales de ba\u00f1o, bombas\nefervescentes y cremas, sino tambi\u00e9n en el \u00e1rea de los labiales, mascarillas,\nr\u00edmel, esmaltes, etc. Esta es una realidad que genera recursos y movilidad\nsocial por lo que es absolutamente necesario este proyecto de ley para apoyarlas\ny reconocerlas como tal\u201d.<\/p>\n\n\n\n<p>Al respecto, la magall\u00e1nica Patricia Arcilla Alvarado,\ncoment\u00f3 que \u201cme embarga una emoci\u00f3n especialmente al escuchar a la diputada\ncuando nos menciona en el congreso. No puedo dimensionar lo magnifico que pueda\nser esta situaci\u00f3n somos tantas mujeres que quieren trabajar en su casa para\nestar con su familia, se abre una tremenda puerta hacia un universo infinito porque\nera una ley que estaba obstaculizando nuestra realizaci\u00f3n personal y\nprofesional. Ya imagino la emoci\u00f3n que va a sentir el resto cuando ya les pueda\ncontar que est\u00e1 permitido legislar entorno a nuestra situaci\u00f3n, feliz y\nagradecida a la diputada y muy esperanzada\u201d.<\/p>\n\n\n\n<p>Cabe recordar, que el decreto 239 del a\u00f1o 2002 que aprueba el\nReglamento del Sistema Nacional de Control de Cosm\u00e9ticos se crearon barreras\ntanto econ\u00f3micas como estructurales para limitar este rubro a un privilegiado y\nreducido grupo de productores, esto estableciendo requisitos de alto costo para\nla obtenci\u00f3n de la resoluci\u00f3n sanitaria de cada producto que deseen vender y\nrequisitos de infraestructura que ning\u00fan micro emprendedor en conjunto o\nseparadamente puede afrontar.<\/p>\n","protected":false},"excerpt":{"rendered":"<p>Este martes con 144 votos a favor y s\u00f3lo 3 abstenciones en la C\u00e1mara de Diputados fue aprobado el proyecto de ley presentado por la diputada Sandra Amar sobre la&#8230; <a class=\"read-more\" href=\"https:\/\/www.radiopresidenteibanez.cl\/web\/camara-de-diputados-aprobo-el-proyecto-de-ley-sobre-sobre-cosmetica-artesanal-presentado-por-la-diputada-sandra-amar\/\">Leer m\u00e1s<\/a><\/p>\n","protected":false},"author":2,"featured_media":8859,"comment_status":"closed","ping_status":"closed","sticky":false,"template":"","format":"standard","meta":{"footnotes":""},"categories":[1],"tags":[],"class_list":["post-9216","post","type-post","status-publish","format-standard","has-post-thumbnail","hentry","category-cronica"],"_links":{"self":[{"href":"https:\/\/www.radiopresidenteibanez.cl\/web\/wp-json\/wp\/v2\/posts\/9216","targetHints":{"allow":["GET"]}}],"collection":[{"href":"https:\/\/www.radiopresidenteibanez.cl\/web\/wp-json\/wp\/v2\/posts"}],"about":[{"href":"https:\/\/www.radiopresidenteibanez.cl\/web\/wp-json\/wp\/v2\/types\/post"}],"author":[{"embeddable":true,"href":"https:\/\/www.radiopresidenteibanez.cl\/web\/wp-json\/wp\/v2\/users\/2"}],"replies":[{"embeddable":true,"href":"https:\/\/www.radiopresidenteibanez.cl\/web\/wp-json\/wp\/v2\/comments?post=9216"}],"version-history":[{"count":0,"href":"https:\/\/www.radiopresidenteibanez.cl\/web\/wp-json\/wp\/v2\/posts\/9216\/revisions"}],"wp:featuredmedia":[{"embeddable":true,"href":"https:\/\/www.radiopresidenteibanez.cl\/web\/wp-json\/wp\/v2\/media\/8859"}],"wp:attachment":[{"href":"https:\/\/www.radiopresidenteibanez.cl\/web\/wp-json\/wp\/v2\/media?parent=9216"}],"wp:term":[{"taxonomy":"category","embeddable":true,"href":"https:\/\/www.radiopresidenteibanez.cl\/web\/wp-json\/wp\/v2\/categories?post=9216"},{"taxonomy":"post_tag","embeddable":true,"href":"https:\/\/www.radiopresidenteibanez.cl\/web\/wp-json\/wp\/v2\/tags?post=9216"}],"curies":[{"name":"wp","href":"https:\/\/api.w.org\/{rel}","templated":true}]}}