{"id":9213,"date":"2020-01-21T23:45:43","date_gmt":"2020-01-21T23:45:43","guid":{"rendered":"https:\/\/www.radiopresidenteibanez.cl\/web\/?p=9213"},"modified":"2020-01-21T23:45:46","modified_gmt":"2020-01-21T23:45:46","slug":"esencias-de-mi-tierra-se-presenta-en-eventos-veraniegos-de-la-region","status":"publish","type":"post","link":"https:\/\/www.radiopresidenteibanez.cl\/web\/esencias-de-mi-tierra-se-presenta-en-eventos-veraniegos-de-la-region\/","title":{"rendered":"ESENCIAS DE MI TIERRA SE PRESENTA  EN EVENTOS VERANIEGOS DE LA REGI\u00d3N"},"content":{"rendered":"\n<p>Danzas\nde la Patagonia y de la cultura chilota, forman parte del repertorio que la\nAgrupaci\u00f3n Folcl\u00f3rica Esencias de Mi Tierra, ofrecer\u00e1 durante las\npresentaciones que realizar\u00e1 en la \u201cFiesta a la Chilena de Cerro Castillo\u201d y el\n\u201cFestival de Artesan\u00eda y Turismo Etherh Aike el 2020\u201d, de\nPuerto Natales.<\/p>\n\n\n\n<p>El\nelenco, con quince a\u00f1os de trayectoria, actuar\u00e1 en ambas festividades gracias\nal financiamiento otorgado por la Seremi de Las Culturas, las Artes y el\nPatrimonio, a trav\u00e9s del programa Fortalecimiento de la Identidad Cultural\nRegional, a los eventos de la provincia de \u00daltima Esperanza.<\/p>\n\n\n\n<p>\u201cEstamos\npromoviendo y respaldando el trabajo de los artistas magall\u00e1nicos y su\nvinculaci\u00f3n con los territorios. Nos parece apropiado que muestren su trabajo\nen estas fiestas que forman parte de la ruta costumbrista, que rescata y pone\nen valor el patrimonio de la regi\u00f3n\u201d, argument\u00f3 la Seremi de las Culturas,\nKatherine Ibacache. <\/p>\n\n\n\n<p>Este\nviernes 24 de enero, a las 21.00 horas, en la inauguraci\u00f3n de la \u201cFiesta a la\nChilena\u201d de la comuna de Torres del Paine, el elenco de danza, compuesto por 18 bailarines, interpretar\u00e1 cuadros\nrelacionados con el archipi\u00e9lago de Chilo\u00e9, y las expresiones de las costumbres\nde la zona austral, con la puesta en escena de la rancherita, el paso doble y\nel chamam\u00e9. La actuaci\u00f3n incluir\u00e1 adem\u00e1s la participaci\u00f3n de los recientes\ncampeones nacionales de Danza Representativa, t\u00edtulo que obtuvieron la semana\npasada en Talcahuano. <\/p>\n\n\n\n<p>El\nacceso a esta fiesta, que se extender\u00e1 hasta el domingo 26 y que considera\nadem\u00e1s jineteadas nocturnas, apialaduras, atrapa el chancho, monta de carneros,\nguampeadas y pe\u00f1a folcl\u00f3rica, entre otras, es gratuito. <\/p>\n\n\n\n<p>Esencias\nde Mi Tierra, continuar\u00e1 su recorrido art\u00edstico, el 28 de enero, a las 19.00\nhoras, en el inicio del \u201cFestival de Artesan\u00eda y Turismo Etherh Aike 2020\u201d,\nen Puerto Natales. <\/p>\n\n\n\n<p>\u201cValoramos\nesta posibilidad de estar presentes en estos espect\u00e1culos. Son nuestras fiestas\ny es importante el apoyo que brinda la Seremi de las Culturas, para que podamos\nasistir y mostrar nuestro trabajo, inspirado y arraigado en las costumbres y\ntradiciones del campo patag\u00f3nico\u201d, coment\u00f3 el director general de la compa\u00f1\u00eda, Miguel\n\u00c1ngel Barrientos.<\/p>\n","protected":false},"excerpt":{"rendered":"<p>Danzas de la Patagonia y de la cultura chilota, forman parte del repertorio que la Agrupaci\u00f3n Folcl\u00f3rica Esencias de Mi Tierra, ofrecer\u00e1 durante las presentaciones que realizar\u00e1 en la \u201cFiesta&#8230; <a class=\"read-more\" href=\"https:\/\/www.radiopresidenteibanez.cl\/web\/esencias-de-mi-tierra-se-presenta-en-eventos-veraniegos-de-la-region\/\">Leer m\u00e1s<\/a><\/p>\n","protected":false},"author":2,"featured_media":9214,"comment_status":"closed","ping_status":"closed","sticky":false,"template":"","format":"standard","meta":{"footnotes":""},"categories":[4],"tags":[],"class_list":["post-9213","post","type-post","status-publish","format-standard","has-post-thumbnail","hentry","category-entretenimiento-y-cultura"],"_links":{"self":[{"href":"https:\/\/www.radiopresidenteibanez.cl\/web\/wp-json\/wp\/v2\/posts\/9213","targetHints":{"allow":["GET"]}}],"collection":[{"href":"https:\/\/www.radiopresidenteibanez.cl\/web\/wp-json\/wp\/v2\/posts"}],"about":[{"href":"https:\/\/www.radiopresidenteibanez.cl\/web\/wp-json\/wp\/v2\/types\/post"}],"author":[{"embeddable":true,"href":"https:\/\/www.radiopresidenteibanez.cl\/web\/wp-json\/wp\/v2\/users\/2"}],"replies":[{"embeddable":true,"href":"https:\/\/www.radiopresidenteibanez.cl\/web\/wp-json\/wp\/v2\/comments?post=9213"}],"version-history":[{"count":0,"href":"https:\/\/www.radiopresidenteibanez.cl\/web\/wp-json\/wp\/v2\/posts\/9213\/revisions"}],"wp:featuredmedia":[{"embeddable":true,"href":"https:\/\/www.radiopresidenteibanez.cl\/web\/wp-json\/wp\/v2\/media\/9214"}],"wp:attachment":[{"href":"https:\/\/www.radiopresidenteibanez.cl\/web\/wp-json\/wp\/v2\/media?parent=9213"}],"wp:term":[{"taxonomy":"category","embeddable":true,"href":"https:\/\/www.radiopresidenteibanez.cl\/web\/wp-json\/wp\/v2\/categories?post=9213"},{"taxonomy":"post_tag","embeddable":true,"href":"https:\/\/www.radiopresidenteibanez.cl\/web\/wp-json\/wp\/v2\/tags?post=9213"}],"curies":[{"name":"wp","href":"https:\/\/api.w.org\/{rel}","templated":true}]}}