{"id":9210,"date":"2020-01-21T23:43:26","date_gmt":"2020-01-21T23:43:26","guid":{"rendered":"https:\/\/www.radiopresidenteibanez.cl\/web\/?p=9210"},"modified":"2020-01-21T23:43:30","modified_gmt":"2020-01-21T23:43:30","slug":"municipalidad-de-natales-inicia-campana-chatarra-2020","status":"publish","type":"post","link":"https:\/\/www.radiopresidenteibanez.cl\/web\/municipalidad-de-natales-inicia-campana-chatarra-2020\/","title":{"rendered":"MUNICIPALIDAD DE NATALES INICIA \u201cCAMPA\u00d1A CHATARRA 2020\u201d"},"content":{"rendered":"\n<p>Desde principios de a\u00f1o, la\nUnidad de Medio Ambiente junto a Maestranza Municipal se encuentran coordinando\nla realizaci\u00f3n de la \u201cCampa\u00f1a Chatarra 2020\u201d. Este a\u00f1o, parte del Concejo\nMunicipal realiz\u00f3 el lanzamiento oficial de dicha campa\u00f1a, comenzando el d\u00eda de\nayer en el sector Teniente Serrano y la poblaci\u00f3n Juan Pablo II.<\/p>\n\n\n\n<p>La iniciativa busca apoyar a los\nvecinos, facilitando espacios gratuitos para acopiar diferentes tipos de\nchatarra que tienen en sus casas o patios. Ejecutando durante tres meses una\nlimpieza por cada barrio urbano y sector rural de Natales.<\/p>\n\n\n\n<p>La m\u00e1xima autoridad comunal, Fernando\nParedes Mansilla, se\u00f1al\u00f3 que la realizaci\u00f3n de esta campa\u00f1a es una muy buena\nnoticia para cada uno de los vecinos, y m\u00e1s a\u00fan para los vecinos de Puerto\nEd\u00e9n. \u201cLos vecinos lo estaban esperando por mucho tiempo. Antes no se pod\u00eda\nhacer, y es bueno se\u00f1alarlo porque los ferry de Navimag no llegan hasta la\nrampa. Entonces, no puedes llegar con un veh\u00edculo o con una batea para poder\ntraer la chatarra. Pero hoy d\u00eda, el transbordador Austral Broom llega con una\nbarcaza hasta el mismo Puerto Ed\u00e9n y eso nos permite aplicar este plan\u201d.<\/p>\n\n\n\n<p>Los concejales Francisca Molinet,\nVer\u00f3nica P\u00e9rez, Alfredo Alderete y Jos\u00e9 Cuyul coincidieron que aqu\u00ed hay una\npreocupaci\u00f3n del municipio, del Concejo Municipal y del alcalde de la comuna\npara mantener limpia y ordenada la ciudad. Colaborando directamente con los vecinos\nde todo Natales.<\/p>\n\n\n\n<p>La encargada de la Unidad de\nMedio Ambiente, Fabiola Vigar, realiz\u00f3 una invitaci\u00f3n a que todas las personas\nutilicen la opci\u00f3n que est\u00e1 ofreciendo el municipio, y destac\u00f3 que todos los\nvecinos ocupen el punto de acopio que le corresponde a su poblaci\u00f3n. Adem\u00e1s,\nse\u00f1al\u00f3 que \u201cla idea es repetir esta iniciativa y poder erradicar los micro\nbasurales, tanto dentro de la ciudad como de las localidades rurales\u201d.<\/p>\n\n\n\n<p>La campa\u00f1a se realizar\u00e1 durante\ntres meses y se ejecutar\u00e1 en las zonas rurales y urbanas. Esta se desarrollar\u00e1\ninicialmente en las poblaciones, continuando con Puerto Ed\u00e9n y los Huertos\nFamiliares, finalizando con todas las villas rurales de la comuna.<\/p>\n\n\n\n<p>En la p\u00e1gina web municipal, <a href=\"http:\/\/www.muniantales.cl\">www.muniantales.cl<\/a> se encuentra disponible\nun mapa geo referencial con las fechas de acopio asignadas para cada sector.\nCabe destacar que no est\u00e1 permitido el dep\u00f3sito de neum\u00e1ticos, bater\u00edas, pilas,\naceites, filtros y lubricantes. Los horarios de recepci\u00f3n de chatarra ser\u00e1n\ndesde las 09:00 hasta 20:00 horas, de forma continua.&nbsp; <\/p>\n","protected":false},"excerpt":{"rendered":"<p>Desde principios de a\u00f1o, la Unidad de Medio Ambiente junto a Maestranza Municipal se encuentran coordinando la realizaci\u00f3n de la \u201cCampa\u00f1a Chatarra 2020\u201d. Este a\u00f1o, parte del Concejo Municipal realiz\u00f3&#8230; <a class=\"read-more\" href=\"https:\/\/www.radiopresidenteibanez.cl\/web\/municipalidad-de-natales-inicia-campana-chatarra-2020\/\">Leer m\u00e1s<\/a><\/p>\n","protected":false},"author":2,"featured_media":9211,"comment_status":"closed","ping_status":"closed","sticky":false,"template":"","format":"standard","meta":{"footnotes":""},"categories":[1],"tags":[],"class_list":["post-9210","post","type-post","status-publish","format-standard","has-post-thumbnail","hentry","category-cronica"],"_links":{"self":[{"href":"https:\/\/www.radiopresidenteibanez.cl\/web\/wp-json\/wp\/v2\/posts\/9210","targetHints":{"allow":["GET"]}}],"collection":[{"href":"https:\/\/www.radiopresidenteibanez.cl\/web\/wp-json\/wp\/v2\/posts"}],"about":[{"href":"https:\/\/www.radiopresidenteibanez.cl\/web\/wp-json\/wp\/v2\/types\/post"}],"author":[{"embeddable":true,"href":"https:\/\/www.radiopresidenteibanez.cl\/web\/wp-json\/wp\/v2\/users\/2"}],"replies":[{"embeddable":true,"href":"https:\/\/www.radiopresidenteibanez.cl\/web\/wp-json\/wp\/v2\/comments?post=9210"}],"version-history":[{"count":0,"href":"https:\/\/www.radiopresidenteibanez.cl\/web\/wp-json\/wp\/v2\/posts\/9210\/revisions"}],"wp:featuredmedia":[{"embeddable":true,"href":"https:\/\/www.radiopresidenteibanez.cl\/web\/wp-json\/wp\/v2\/media\/9211"}],"wp:attachment":[{"href":"https:\/\/www.radiopresidenteibanez.cl\/web\/wp-json\/wp\/v2\/media?parent=9210"}],"wp:term":[{"taxonomy":"category","embeddable":true,"href":"https:\/\/www.radiopresidenteibanez.cl\/web\/wp-json\/wp\/v2\/categories?post=9210"},{"taxonomy":"post_tag","embeddable":true,"href":"https:\/\/www.radiopresidenteibanez.cl\/web\/wp-json\/wp\/v2\/tags?post=9210"}],"curies":[{"name":"wp","href":"https:\/\/api.w.org\/{rel}","templated":true}]}}