{"id":9207,"date":"2020-01-21T23:40:48","date_gmt":"2020-01-21T23:40:48","guid":{"rendered":"https:\/\/www.radiopresidenteibanez.cl\/web\/?p=9207"},"modified":"2020-01-21T23:40:51","modified_gmt":"2020-01-21T23:40:51","slug":"mop-realizo-entrega-de-remodelado-jardin-infantil-hipai-yefacel","status":"publish","type":"post","link":"https:\/\/www.radiopresidenteibanez.cl\/web\/mop-realizo-entrega-de-remodelado-jardin-infantil-hipai-yefacel\/","title":{"rendered":"MOP REALIZ\u00d3 ENTREGA DE REMODELADO JARD\u00cdN INFANTIL HIPAI YEFACEL"},"content":{"rendered":"\n<p>Concluy\u00f3 la normalizaci\u00f3n y ampliaci\u00f3n del jard\u00edn\ninfantil de Integra, Hipai Yefacel, que contempl\u00f3 el aumento de superficie en\nprimer piso en&nbsp; 212,40 m2, con un total\nde superficie en primer nivel de 516,19 m2 y la construcci\u00f3n de un segundo\nnivel de 146,40 m2, para la habilitaci\u00f3n de Sala Cuna.<\/p>\n\n\n\n<p>Adem\u00e1s se consideraron obras exteriores y la reposici\u00f3n\ngeneral del sistema de calefacci\u00f3n, instalaci\u00f3n el\u00e9ctrica y sanitaria, y se\nincorpor\u00f3 un ascensor para dar cumplimiento a la normativa vigente de\naccesibilidad universal.<\/p>\n\n\n\n<p>La obra fue visitada este mediod\u00eda por el Intendente Jos\u00e9\nFern\u00e1ndez, Seremi Subrogante de Obras P\u00fablicas Jorge Martinic, Directora\nRegional de Integra Laura Campos, y Directora Regional Subrogante de\nArquitectura Dahian Oyarz\u00fan. <\/p>\n\n\n\n<p>En la ocasi\u00f3n se realiz\u00f3 la entrega del recinto a la\nfundaci\u00f3n, que dar\u00e1 cobertura educacional a 146 ni\u00f1os y ni\u00f1as, correspondientes\na 128 p\u00e1rvulos y 18&nbsp; lactantes.<\/p>\n\n\n\n<p>\u201cSe trata de una infraestructura de primer nivel y\nagradecemos al Consejo Regional y al GORE por haber llevado a cabo esta obra,\nque tambi\u00e9n forma parte del esp\u00edritu que est\u00e1 impulsando el Gobierno a trav\u00e9s\nde Integra y la Junji, de ir mejorando la infraestructura para los ni\u00f1os.\nTenemos la pol\u00edtica impulsada por el Presidente Sebasti\u00e1n Pi\u00f1era, de que los\nni\u00f1os est\u00e1n primero y este mejoramiento en particular es un reflejo m\u00e1s que nos\npermitir\u00e1 mejorar la calidad de vida de quienes asistir\u00e1n a este jard\u00edn\ninfantil\u201d, destac\u00f3 el Intendente Jos\u00e9 Fern\u00e1ndez.<\/p>\n\n\n\n<p>Por su parte, la Directora Regional de Integra, junto con\nvalorar la nueva infraestructura y la puesta en valor del cumplimiento de la\nnueva normativa de los jardines infantiles y la primera infancia, agradeci\u00f3 al\nConsejo Regional y al Ministerio de Obras P\u00fablicas por hacer posible esta\nampliaci\u00f3n y mejoramiento del recinto.&nbsp;&nbsp; <\/p>\n\n\n\n<p>\u201cEstamos muy contentos porque vamos a beneficiar a muchas\nfamilias de Punta Arenas con un jard\u00edn infantil de primera calidad\u201d, dijo por\nsu parte el Seremi (s) de Obras P\u00fablicas Jorge Martinic, informando que en esta\nobra se invirtieron $892.771.971 con financiamiento del Gobierno Regional\/FNDR.<\/p>\n","protected":false},"excerpt":{"rendered":"<p>Concluy\u00f3 la normalizaci\u00f3n y ampliaci\u00f3n del jard\u00edn infantil de Integra, Hipai Yefacel, que contempl\u00f3 el aumento de superficie en primer piso en&nbsp; 212,40 m2, con un total de superficie en&#8230; <a class=\"read-more\" href=\"https:\/\/www.radiopresidenteibanez.cl\/web\/mop-realizo-entrega-de-remodelado-jardin-infantil-hipai-yefacel\/\">Leer m\u00e1s<\/a><\/p>\n","protected":false},"author":2,"featured_media":9208,"comment_status":"closed","ping_status":"closed","sticky":false,"template":"","format":"standard","meta":{"footnotes":""},"categories":[1],"tags":[],"class_list":["post-9207","post","type-post","status-publish","format-standard","has-post-thumbnail","hentry","category-cronica"],"_links":{"self":[{"href":"https:\/\/www.radiopresidenteibanez.cl\/web\/wp-json\/wp\/v2\/posts\/9207","targetHints":{"allow":["GET"]}}],"collection":[{"href":"https:\/\/www.radiopresidenteibanez.cl\/web\/wp-json\/wp\/v2\/posts"}],"about":[{"href":"https:\/\/www.radiopresidenteibanez.cl\/web\/wp-json\/wp\/v2\/types\/post"}],"author":[{"embeddable":true,"href":"https:\/\/www.radiopresidenteibanez.cl\/web\/wp-json\/wp\/v2\/users\/2"}],"replies":[{"embeddable":true,"href":"https:\/\/www.radiopresidenteibanez.cl\/web\/wp-json\/wp\/v2\/comments?post=9207"}],"version-history":[{"count":0,"href":"https:\/\/www.radiopresidenteibanez.cl\/web\/wp-json\/wp\/v2\/posts\/9207\/revisions"}],"wp:featuredmedia":[{"embeddable":true,"href":"https:\/\/www.radiopresidenteibanez.cl\/web\/wp-json\/wp\/v2\/media\/9208"}],"wp:attachment":[{"href":"https:\/\/www.radiopresidenteibanez.cl\/web\/wp-json\/wp\/v2\/media?parent=9207"}],"wp:term":[{"taxonomy":"category","embeddable":true,"href":"https:\/\/www.radiopresidenteibanez.cl\/web\/wp-json\/wp\/v2\/categories?post=9207"},{"taxonomy":"post_tag","embeddable":true,"href":"https:\/\/www.radiopresidenteibanez.cl\/web\/wp-json\/wp\/v2\/tags?post=9207"}],"curies":[{"name":"wp","href":"https:\/\/api.w.org\/{rel}","templated":true}]}}