{"id":9204,"date":"2020-01-21T23:38:13","date_gmt":"2020-01-21T23:38:13","guid":{"rendered":"https:\/\/www.radiopresidenteibanez.cl\/web\/?p=9204"},"modified":"2020-01-21T23:38:17","modified_gmt":"2020-01-21T23:38:17","slug":"senda-magallanes-lanzo-campana-verano-sin-alcohol-y-drogas","status":"publish","type":"post","link":"https:\/\/www.radiopresidenteibanez.cl\/web\/senda-magallanes-lanzo-campana-verano-sin-alcohol-y-drogas\/","title":{"rendered":"SENDA MAGALLANES LANZ\u00d3 CAMPA\u00d1A \u201cVERANO SIN ALCOHOL Y DROGAS\u201d"},"content":{"rendered":"\n<p>Con diversas actividades recreativas y deportivas, la direcci\u00f3n regional de\nSenda lanz\u00f3 el en Magallanes la campa\u00f1a \u201cverano sin alcohol y drogas,\ncuid\u00e9monos\u201d, la que hace un llamado a disfrutar sanamente del periodo estival y\nconcientizar en ni\u00f1os, ni\u00f1as y adolescentes sobre los peligros que ocasiona el\nconsumo de alcohol y otras drogas. <\/p>\n\n\n\n<p>Aprovechando el parque recreativo para ni\u00f1os y ni\u00f1as que organiz\u00f3 el\nMinisterio del Deporte y el Instituto Nacional y realizado el pasado domingo en\nel Gimnasio Fiscal, la directora regional de Senda, Lorena Guala, junto a la\nSeremi del Deporte, Odette Callahan, hicieron un llamado al buen uso del tiempo\nlibre, realizando deporte, disfrutando de la cultura y la recreaci\u00f3n en\nfamilia.<\/p>\n\n\n\n<p>\u201cLanzamos la campa\u00f1a a nivel regional en este parque recreativo porque\ncreemos que el deporte es una gran herramienta para prevenir el consumo de\nalcohol y otras drogas, que genera un buen uso del tiempo tiempo libre\u201d, se\u00f1al\u00f3\nla directora regional del Servicio Nacional para la Prevenci\u00f3n y Rehabilitaci\u00f3n\ndel Consumo de Drogas y Alcohol. <\/p>\n\n\n\n<p>Adem\u00e1s, agreg\u00f3 que \u201cen el marco del Plan Nacional Elige Vivir Sin Drogas,\nen conjunto con el Sistema Elige Vivir Sano, el objetivo de la campa\u00f1a \u201cverano\nsin alcohol y drogas, cuid\u00e9monos\u201d es hacer un llamado a disfrutar el tiempo\nlibre de forma sana, realizando deporte, recre\u00e1ndose con la familia,\ncuid\u00e1ndonos los unos a los otros de los peligros que ocasiona el consumo de\nalcohol y otras drogas\u201d. <\/p>\n\n\n\n<p>En la actividad llevada a cabo este domingo en el Gimnasio Fiscal, donde\nlos asistentes disfrutaron de manera gratuita de juegos inflables, partidos de\nf\u00fatbol, mini b\u00e1squetbol y circuitos de sicomotricidad, los ni\u00f1os recibieron\ndistintos premios y el mensaje de concientizaci\u00f3n que busca transmitir la\ncampa\u00f1a \u201cverano sin alcohol y drogas, cuid\u00e9monos\u201d. <\/p>\n","protected":false},"excerpt":{"rendered":"<p>Con diversas actividades recreativas y deportivas, la direcci\u00f3n regional de Senda lanz\u00f3 el en Magallanes la campa\u00f1a \u201cverano sin alcohol y drogas, cuid\u00e9monos\u201d, la que hace un llamado a disfrutar&#8230; <a class=\"read-more\" href=\"https:\/\/www.radiopresidenteibanez.cl\/web\/senda-magallanes-lanzo-campana-verano-sin-alcohol-y-drogas\/\">Leer m\u00e1s<\/a><\/p>\n","protected":false},"author":2,"featured_media":9205,"comment_status":"closed","ping_status":"closed","sticky":false,"template":"","format":"standard","meta":{"footnotes":""},"categories":[1],"tags":[],"class_list":["post-9204","post","type-post","status-publish","format-standard","has-post-thumbnail","hentry","category-cronica"],"_links":{"self":[{"href":"https:\/\/www.radiopresidenteibanez.cl\/web\/wp-json\/wp\/v2\/posts\/9204","targetHints":{"allow":["GET"]}}],"collection":[{"href":"https:\/\/www.radiopresidenteibanez.cl\/web\/wp-json\/wp\/v2\/posts"}],"about":[{"href":"https:\/\/www.radiopresidenteibanez.cl\/web\/wp-json\/wp\/v2\/types\/post"}],"author":[{"embeddable":true,"href":"https:\/\/www.radiopresidenteibanez.cl\/web\/wp-json\/wp\/v2\/users\/2"}],"replies":[{"embeddable":true,"href":"https:\/\/www.radiopresidenteibanez.cl\/web\/wp-json\/wp\/v2\/comments?post=9204"}],"version-history":[{"count":0,"href":"https:\/\/www.radiopresidenteibanez.cl\/web\/wp-json\/wp\/v2\/posts\/9204\/revisions"}],"wp:featuredmedia":[{"embeddable":true,"href":"https:\/\/www.radiopresidenteibanez.cl\/web\/wp-json\/wp\/v2\/media\/9205"}],"wp:attachment":[{"href":"https:\/\/www.radiopresidenteibanez.cl\/web\/wp-json\/wp\/v2\/media?parent=9204"}],"wp:term":[{"taxonomy":"category","embeddable":true,"href":"https:\/\/www.radiopresidenteibanez.cl\/web\/wp-json\/wp\/v2\/categories?post=9204"},{"taxonomy":"post_tag","embeddable":true,"href":"https:\/\/www.radiopresidenteibanez.cl\/web\/wp-json\/wp\/v2\/tags?post=9204"}],"curies":[{"name":"wp","href":"https:\/\/api.w.org\/{rel}","templated":true}]}}